{"id":100005,"date":"2025-03-02T06:00:00","date_gmt":"2025-03-02T09:00:00","guid":{"rendered":"https:\/\/tvc16.com\/portal\/?p=100005"},"modified":"2025-02-28T17:47:55","modified_gmt":"2025-02-28T20:47:55","slug":"carnaval-na-serra-diversao-e-tranquilidade-em-petropolis","status":"publish","type":"post","link":"https:\/\/tvc16.com\/portal\/2025\/03\/02\/carnaval-na-serra-diversao-e-tranquilidade-em-petropolis\/","title":{"rendered":"Carnaval na Serra: divers\u00e3o e tranquilidade em Petr\u00f3polis"},"content":{"rendered":"\n<p><em>Ocupa\u00e7\u00e3o hoteleira bate 84% e PC&amp;VB indica que reservas sejam garantidas logo<\/em><\/p>\n\n\n\n<p>Cidade mais charmosa da regi\u00e3o serrana, Petr\u00f3polis consegue ser especial at\u00e9 mesmo no Carnaval, onde \u00e9 poss\u00edvel relaxar sem abrir m\u00e3o da festa. Com mais de 120 op\u00e7\u00f5es de hospedagem espalhadas pelos distritos e Centro Hist\u00f3rico, a cidade oferece a combina\u00e7\u00e3o ideal entre descanso e anima\u00e7\u00e3o. Seja para recarregar as energias em meio \u00e0 natureza, explorar o turismo rural, se aventurar em trilhas e cachoeiras, degustar o melhor da gastronomia serrana ou se perder entre lojas e feiras de artesanato, h\u00e1 sempre um programa para cada perfil de viajante. Mas se a ideia \u00e9 tamb\u00e9m cair na folia, h\u00e1 op\u00e7\u00f5es que prometem manter o clima de Carnaval aceso na serra. A dica do Petr\u00f3polis Convention &amp; Visitors Bureau (PC&amp;VB) \u00e9 correr e garantir a hospedagem pois a ocupa\u00e7\u00e3o hoteleira j\u00e1 bateu a casa dos 84%.<\/p>\n\n\n\n<p>\u201cEm meio \u00e0 folia das capitais, Petr\u00f3polis se destaca como um ref\u00fagio encantador, oferecendo uma experi\u00eancia de Carnaval singular. Nosso compromisso \u00e9 proporcionar uma estadia memor\u00e1vel aos visitantes, com op\u00e7\u00f5es que v\u00e3o do descanso em meio \u00e0 natureza \u00e0 celebra\u00e7\u00e3o da festa em grande estilo. Estamos prontos para receber a todos com a pluralidade que nossa cidade tem a oferecer&#8221;, afirma Fabiano Barros presidente do PC&amp;VB.<\/p>\n\n\n\n<p>Uma outra recomenda\u00e7\u00e3o do Petr\u00f3polis Convention \u00e9 consultar sempre o servi\u00e7o de Disque Turismo. H\u00e1 informa\u00e7\u00f5es sobre hor\u00e1rios de todas as atra\u00e7\u00f5es, dicas de guias e outros detalhes que podem ser obtidos com equipe de plant\u00e3o. O contato pode ser feito de segunda a s\u00e1bado das 9h \u00e0s 17h e, domingos e feriados, das 9h \u00e0s 14h. S\u00e3o duas formas de acesso: pelo 0800-450-7070&nbsp; ou pelo WhatsApp (24) 2237-3321. J\u00e1 as hospedagens, servi\u00e7os e gastronomia associados ao PC&amp;VB est\u00e3o reunidos no site&nbsp;<a href=\"http:\/\/www.visitepetropolis.com\/\" rel=\"noreferrer noopener\" target=\"_blank\">www.visitepetropolis.com<\/a>.<\/p>\n\n\n\n<p><strong>Carnaval com hist\u00f3ria nos pontos tur\u00edsticos<\/strong><\/p>\n\n\n\n<p>No cora\u00e7\u00e3o de Petr\u00f3polis, o Centro Hist\u00f3rico une hist\u00f3ria, cultura e boas op\u00e7\u00f5es de lazer para quem deseja aproveitar o feriado. O Museu Imperial estar\u00e1 aberto nos dias 28 de fevereiro, 1, 2, 4 e 5 de mar\u00e7o, sempre das 10h \u00e0s 18h, fechando apenas na segunda-feira, dia 3. O Pal\u00e1cio de Cristal recebe visitantes todos os dias, das 9h \u00e0s 17h. J\u00e1 o Museu Casa de Santos Dumont e o Museu Casa do Colono funcionam de sexta a ter\u00e7a-feira, fechando apenas na quarta, dia 5. A Catedral S\u00e3o Pedro de Alc\u00e2ntara, um dos \u00edcones da cidade, estar\u00e1 aberta ao p\u00fablico todos os dias, das 9h \u00e0s 17h. A exce\u00e7\u00e3o \u00e9 a segunda-feira, dia 3, quando abre apenas para a missa das 8h. Para quem gosta de apreciar belas paisagens, o Trono de F\u00e1tima tamb\u00e9m \u00e9 uma \u00f3tima op\u00e7\u00e3o, funcionando at\u00e9 ter\u00e7a-feira, dia 4, das 10h \u00e0s 18h. Al\u00e9m disso, o com\u00e9rcio do Centro Hist\u00f3rico e ainda as ic\u00f4nicas Rua Teresa e 16 de Mar\u00e7o, que &nbsp;estar\u00e3o abertas de acordo com hor\u00e1rios praticados por cada estabelecimento, garantem uma experi\u00eancia de compras diversificada, com galerias e lojas que oferecem desde artesanato local at\u00e9 roupas, acess\u00f3rios e produtos exclusivos da regi\u00e3o. J\u00e1 a Feirinha de Itaipava, point da moda, abre todos os dias.<\/p>\n\n\n\n<p><strong>Bailinhos, matin\u00eas e Carnavau au au<\/strong><\/p>\n\n\n\n<p>Os shoppings da cidade, por exemplo, preparam uma programa\u00e7\u00e3o especial para garantir que foli\u00f5es de todas as idades possam curtir a festa. No Castelo de Itaipava, o Carnaval ganha um toque tem\u00e1tico, com eventos que v\u00e3o de DJ e pagode a apresenta\u00e7\u00f5es circenses, sempre das 13h \u00e0s 18h, de s\u00e1bado a segunda. No Shopping Vilarejo, a tradi\u00e7\u00e3o se mant\u00e9m viva com a 13\u00aa edi\u00e7\u00e3o do Carnaval do Taru\u00edra, que ocorre nos dias 2, 3 e 4 de mar\u00e7o na Pra\u00e7a do Sol, sempre com entrada franca e um repert\u00f3rio recheado de marchinhas, sambas e choros, al\u00e9m do tradicional Carnavau Au Au, um desfile de pets fantasiados no dia 1\u00ba de mar\u00e7o, s\u00e1bado de Carnaval, com premia\u00e7\u00e3o para a melhor dupla: crian\u00e7as e seus amigos de estima\u00e7\u00e3o.<\/p>\n\n\n\n<p>Para quem busca um Carnaval ao ar livre, o Shopping Esta\u00e7\u00e3o Locanda tamb\u00e9m promove eventos em seu estacionamento, como o Baile do Aladim no s\u00e1bado, seguido pelo show de Pedro Ribeiro, e o Baile dos Piratas no domingo, junto ao Bloco Vai D\u00e1 M. A programa\u00e7\u00e3o segue na segunda-feira com o Baile dos Aqualoucos e a Batucada Black, encerrando na ter\u00e7a-feira com mais samba e folia, com o Baile Tropical e o bloco Vai dar M. &nbsp;No Alto da Serra, o Carnaval no Hiper traz matin\u00eas infantis, de s\u00e1bado a ter\u00e7a, sempre a partir das 15h, e bail\u00e3o para os adultos com v\u00e1rias atra\u00e7\u00f5es, todos os dias, a partir as 19h. Para prolongar a festa, ainda h\u00e1 o Baile da Ressaquinha no dia 08, para aqueles que n\u00e3o querem se despedir da folia t\u00e3o cedo.<\/p>\n\n\n\n<p><strong>Ah, a paz da natureza&#8230;<\/strong><\/p>\n\n\n\n<p>Quem prefere curtir a natureza tamb\u00e9m encontra espa\u00e7o garantido na serra. Os parques da cidade, como o Parque Nacional da Serra dos \u00d3rg\u00e3os, o Parque Natural de Petr\u00f3polis, no Centro Hist\u00f3rico, al\u00e9m de localidades como Secret\u00e1rio, Araras e Vale do Cuiab\u00e1, oferecem trilhas e paisagens de tirar o f\u00f4lego, ideais para quem quer relaxar e recarregar as energias entre um bloquinho e outro. Petr\u00f3polis tamb\u00e9m tem aquele clima rural em localidades como Bonfim e Brejal onde \u00e9 poss\u00edvel conhecer as planta\u00e7\u00f5es e desfrutar de del\u00edcias feitas na regi\u00e3o.<\/p>\n\n\n\n<p><strong>Carnaval na Pra\u00e7a da Liberdade e Pal\u00e1cio de Cristal<\/strong><\/p>\n\n\n\n<p>E para quem ainda quer um pouco mais de agita\u00e7\u00e3o, algumas pra\u00e7as da cidade recebem blocos animados durante os dias de Carnaval, garantindo que a folia tamb\u00e9m aconte\u00e7a ao ar livre. Na Pra\u00e7a da Liberdade, s\u00e1bado, a folia come\u00e7a cedinho com o Agita Folia, das 9h \u00e0s 11h, preparando o clima para as tardes e noites embaladas pelo Carnaval da Liberdade. A festa emenda, \u00e0s 15h, com shows da Tribo de Gonzaga, o Grupo Teatral Andan\u00e7a e Breno Moraes, com participa\u00e7\u00e3o do Taru\u00edra, que garantem um espet\u00e1culo vibrante. No domingo, \u00e0s 15h, \u00e9 a vez do Trio Dubr\u00e1 se juntar \u00e0 festa, que segue at\u00e9 as 22h. Na segunda, tamb\u00e9m \u00e0s 15h, a energia continua com Espanta Freguesia ao lado da Tribo de Gonzaga, e na ter\u00e7a-feira, Pedro Ribeiro fecha o circuito de shows ao lado do Grupo Teatral Andan\u00e7a, come\u00e7ando \u00e0s 15h.<\/p>\n\n\n\n<p>Enquanto isso, no Pal\u00e1cio de Cristal, as crian\u00e7as ganham um espa\u00e7o especial com matin\u00eas infantis di\u00e1rias, das 14h \u00e0s 17h, entre s\u00e1bado e ter\u00e7a, garantindo que a magia do Carnaval seja vivida por todas as idades. O clima de alegria tamb\u00e9m toma conta do Cremerie, no Quitandinha, onde os pequenos foli\u00f5es podem curtir matin\u00eas infantis de s\u00e1bado a ter\u00e7a, das 13h \u00e0s 17h, com muita m\u00fasica e divers\u00e3o em meio ao charme da serra.<\/p>\n","protected":false},"excerpt":{"rendered":"<p>Ocupa\u00e7\u00e3o hoteleira bate 84% e PC&amp;VB indica que reservas sejam garantidas logo Cidade mais charmosa<\/p>\n","protected":false},"author":2,"featured_media":100006,"comment_status":"open","ping_status":"open","sticky":false,"template":"","format":"standard","meta":{"footnotes":""},"categories":[12],"tags":[],"class_list":["post-100005","post","type-post","status-publish","format-standard","has-post-thumbnail","hentry","category-cidade"],"_links":{"self":[{"href":"https:\/\/tvc16.com\/portal\/wp-json\/wp\/v2\/posts\/100005","targetHints":{"allow":["GET"]}}],"collection":[{"href":"https:\/\/tvc16.com\/portal\/wp-json\/wp\/v2\/posts"}],"about":[{"href":"https:\/\/tvc16.com\/portal\/wp-json\/wp\/v2\/types\/post"}],"author":[{"embeddable":true,"href":"https:\/\/tvc16.com\/portal\/wp-json\/wp\/v2\/users\/2"}],"replies":[{"embeddable":true,"href":"https:\/\/tvc16.com\/portal\/wp-json\/wp\/v2\/comments?post=100005"}],"version-history":[{"count":1,"href":"https:\/\/tvc16.com\/portal\/wp-json\/wp\/v2\/posts\/100005\/revisions"}],"predecessor-version":[{"id":100007,"href":"https:\/\/tvc16.com\/portal\/wp-json\/wp\/v2\/posts\/100005\/revisions\/100007"}],"wp:featuredmedia":[{"embeddable":true,"href":"https:\/\/tvc16.com\/portal\/wp-json\/wp\/v2\/media\/100006"}],"wp:attachment":[{"href":"https:\/\/tvc16.com\/portal\/wp-json\/wp\/v2\/media?parent=100005"}],"wp:term":[{"taxonomy":"category","embeddable":true,"href":"https:\/\/tvc16.com\/portal\/wp-json\/wp\/v2\/categories?post=100005"},{"taxonomy":"post_tag","embeddable":true,"href":"https:\/\/tvc16.com\/portal\/wp-json\/wp\/v2\/tags?post=100005"}],"curies":[{"name":"wp","href":"https:\/\/api.w.org\/{rel}","templated":true}]}}