{"id":100011,"date":"2025-03-02T10:04:43","date_gmt":"2025-03-02T13:04:43","guid":{"rendered":"https:\/\/tvc16.com\/portal\/?p=100011"},"modified":"2025-03-02T10:04:44","modified_gmt":"2025-03-02T13:04:44","slug":"unimed-petropolis-comemora-53-anos-de-fundacao","status":"publish","type":"post","link":"https:\/\/tvc16.com\/portal\/2025\/03\/02\/unimed-petropolis-comemora-53-anos-de-fundacao\/","title":{"rendered":"Unimed Petr\u00f3polis comemora 53 anos de funda\u00e7\u00e3o"},"content":{"rendered":"\n<p>No dia 28 de fevereiro de 1972, iniciava-se a hist\u00f3ria da Unimed Petr\u00f3polis, a quarta cooperativa de&nbsp;&nbsp;&nbsp;trabalho m\u00e9dico do Estado do Rio de Janeiro. A sua exist\u00eancia se deu atrav\u00e9s da uni\u00e3o de m\u00e9dicos vision\u00e1rios, que n\u00e3o mediram esfor\u00e7os para implementar o sistema cooperativista no munic\u00edpio. Na \u00e9poca, um modelo de neg\u00f3cio ainda pouco explorado no pa\u00eds e que, mais tarde, motivou a cria\u00e7\u00e3o da Federa\u00e7\u00e3o das Unimeds do Estado do Rio de Janeiro.<br>&nbsp;<\/p>\n\n\n\n<p>Atualmente, a maior empresa de sa\u00fade de Petr\u00f3polis \u00e9 formada por 247 m\u00e9dicos cooperados e gera cerca de 2,5 mil empregos diretos e indiretos, sendo uma das empresas que mais contribui com impostos no munic\u00edpio. O presidente da cooperativa, Dr. Claudio Batista, explica que no anivers\u00e1rio da Unimed Petr\u00f3polis \u00e9 preciso agradecer a todos os clientes da operadora, mas tamb\u00e9m a todos os m\u00e9dicos cooperados e colaboradores.<\/p>\n\n\n\n<p>\u201c\u00c9 preciso agradecer aos nossos clientes fi\u00e9is que est\u00e3o conosco ao longo desses anos e tamb\u00e9m aos novos benefici\u00e1rios que est\u00e3o ingressando na operadora. Al\u00e9m de valorizar todos os nossos m\u00e9dicos e colaboradores que est\u00e3o empenhados para o crescimento da cooperativa. Para mim \u00e9 motivo de muito orgulho estar \u00e0 frente da Unimed, pois sou cooperado h\u00e1 mais de 30 anos e vivenciei muitos fatos hist\u00f3ricos e atualmente estamos em um processo de desenvolvimento e fortalecimento a cada dia.\u201d, disse Dr. Claudio.<\/p>\n\n\n\n<p>A vice-presidente da Unimed Petr\u00f3polis, Dra. Rosane Banger, avalia que a gest\u00e3o vem investindo na qualidade assistencial dos seus usu\u00e1rios ao longo dos anos. H\u00e1 6 meses foi inaugurado o Espa\u00e7o Te Acolhemos com a oferta de atendimento especializado e multidisciplinar para crian\u00e7as com Espectro Autista. J\u00e1 o Hospital Unimed Petr\u00f3polis est\u00e1 vivendo uma nova fase em que a gest\u00e3o da cooperativa busca com a centraliza\u00e7\u00e3o dos servi\u00e7os, oferecer mais qualidade assistencial aos usu\u00e1rios. &nbsp;<\/p>\n\n\n\n<p>\u201cHoje temos dentro do hospital o servi\u00e7o pr\u00f3prio de Oncologia, com um Centro de Terapia Infusional de qualidade e equipe altamente capacitada para acompanhar o paciente do diagn\u00f3stico \u00e0 alta. Ampliando a capacidade cir\u00fargica do Hospital Unimed, a unidade conta com moderno equipamento no Centro Cir\u00fargico, o arco em C, e tamb\u00e9m implantou uma unidade p\u00f3s cir\u00fargica para o encaminhamento dos pacientes que necessitarem de interna\u00e7\u00e3o. Tamb\u00e9m contamos com um Centro de Imagens que est\u00e1 com um coruj\u00e3o de exames de tomografia sem contraste, com pre\u00e7os especiais para os clientes particulares, proporcionando ao usu\u00e1rio de Petr\u00f3polis, a facilidade no agendamento e no pagamento.\u201d, anuncia Dra. Rosane Banger.<\/p>\n","protected":false},"excerpt":{"rendered":"<p>No dia 28 de fevereiro de 1972, iniciava-se a hist\u00f3ria da Unimed Petr\u00f3polis, a quarta<\/p>\n","protected":false},"author":2,"featured_media":97567,"comment_status":"open","ping_status":"open","sticky":false,"template":"","format":"standard","meta":{"footnotes":""},"categories":[12],"tags":[],"class_list":["post-100011","post","type-post","status-publish","format-standard","has-post-thumbnail","hentry","category-cidade"],"_links":{"self":[{"href":"https:\/\/tvc16.com\/portal\/wp-json\/wp\/v2\/posts\/100011","targetHints":{"allow":["GET"]}}],"collection":[{"href":"https:\/\/tvc16.com\/portal\/wp-json\/wp\/v2\/posts"}],"about":[{"href":"https:\/\/tvc16.com\/portal\/wp-json\/wp\/v2\/types\/post"}],"author":[{"embeddable":true,"href":"https:\/\/tvc16.com\/portal\/wp-json\/wp\/v2\/users\/2"}],"replies":[{"embeddable":true,"href":"https:\/\/tvc16.com\/portal\/wp-json\/wp\/v2\/comments?post=100011"}],"version-history":[{"count":1,"href":"https:\/\/tvc16.com\/portal\/wp-json\/wp\/v2\/posts\/100011\/revisions"}],"predecessor-version":[{"id":100012,"href":"https:\/\/tvc16.com\/portal\/wp-json\/wp\/v2\/posts\/100011\/revisions\/100012"}],"wp:featuredmedia":[{"embeddable":true,"href":"https:\/\/tvc16.com\/portal\/wp-json\/wp\/v2\/media\/97567"}],"wp:attachment":[{"href":"https:\/\/tvc16.com\/portal\/wp-json\/wp\/v2\/media?parent=100011"}],"wp:term":[{"taxonomy":"category","embeddable":true,"href":"https:\/\/tvc16.com\/portal\/wp-json\/wp\/v2\/categories?post=100011"},{"taxonomy":"post_tag","embeddable":true,"href":"https:\/\/tvc16.com\/portal\/wp-json\/wp\/v2\/tags?post=100011"}],"curies":[{"name":"wp","href":"https:\/\/api.w.org\/{rel}","templated":true}]}}