{"id":100026,"date":"2025-03-01T08:34:10","date_gmt":"2025-03-01T11:34:10","guid":{"rendered":"https:\/\/tvc16.com\/portal\/?p=100026"},"modified":"2025-03-01T08:34:34","modified_gmt":"2025-03-01T11:34:34","slug":"estado-do-rio-confirma-caso-de-sarampo","status":"publish","type":"post","link":"https:\/\/tvc16.com\/portal\/2025\/03\/01\/estado-do-rio-confirma-caso-de-sarampo\/","title":{"rendered":"Estado do Rio confirma caso de sarampo"},"content":{"rendered":"\n<p><em>Em 2024, dos 207 casos suspeitos notificados, 205 foram descartados<\/em><\/p>\n\n\n\n<p>Por T\u00e2mara Freire \u2013 Rep\u00f3rter da Ag\u00eancia Brasil \/ Foto: Marcelo Camargo\/Ag\u00eancia Brasil<\/p>\n\n\n\n<p><\/p>\n\n\n\n<p><strong>O estado do Rio de Janeiro confirmou um caso de sarampo, em um menino de 6 anos, que mora na cidade de Itabora\u00ed e come\u00e7ou a apresentar sintomas da doen\u00e7a em outubro do ano passado.<\/strong>&nbsp;A possibilidade de surto foi descartada ap\u00f3s a\u00e7\u00f5es de vigil\u00e2ncia e investiga\u00e7\u00e3o, uma vez que, ao longo de 120 dias, nenhum outro caso foi confirmado no munic\u00edpio.<img decoding=\"async\" src=\"https:\/\/agenciabrasil.ebc.com.br\/ebc.png?id=1632262&amp;o=node\"><img decoding=\"async\" src=\"https:\/\/agenciabrasil.ebc.com.br\/ebc.gif?id=1632262&amp;o=node\"><\/p>\n\n\n\n<p>O menino n\u00e3o tinha hist\u00f3rico de viagem, nem de contato com casos suspeitos, e a investiga\u00e7\u00e3o n\u00e3o conseguiu identificar a fonte da infec\u00e7\u00e3o. O protocolo recomendado foi realizado, com isolamento do paciente, vacina\u00e7\u00e3o de emerg\u00eancia em todas as pessoas com quem ele teve contato e monitoramento da comunidade para garantir que a doen\u00e7a n\u00e3o foi transmitida a outros.<\/p>\n\n\n\n<p><strong>A crian\u00e7a tinha recebido as duas doses da vacina tr\u00edplice viral, que protege contra a doen\u00e7a, mas, segundo a diretora da Sociedade Brasileira de Imuniza\u00e7\u00f5es, Fl\u00e1via Bravo, 2% dos vacinados podem n\u00e3o desenvolver imunidade por caracter\u00edsticas do seu pr\u00f3prio organismo.<\/strong>&nbsp;<\/p>\n\n\n\n<blockquote class=\"wp-block-quote is-layout-flow wp-block-quote-is-layout-flow\">\n<p>&#8220;Por isso, a gente precisa de alta cobertura. Quando se tem a cobertura almejada, que \u00e9 de pelo menos 95% da popula\u00e7\u00e3o, protege-se indiretamente essas pessoas&#8221;, diz a&nbsp;a diretora da&nbsp;Sociedade Brasileira de Imuniza\u00e7\u00f5es.<\/p>\n<\/blockquote>\n\n\n\n<p>Al\u00e9m disso, existem fatores que podem reduzir a efic\u00e1cia da vacina, como o transporte ou o armazenamento inadequados. Ainda assim, Fl\u00e1via enfatiza que o caso demonstra a efic\u00e1cia da vacina\u00e7\u00e3o: &#8220;N\u00e3o houve transmiss\u00e3o para outras pessoas, n\u00e3o houve nenhum caso secund\u00e1rio identificado, o que \u00e9 sinal de boa cobertura vacinal.&#8221;<\/p>\n\n\n\n<p>De acordo com a m\u00e9dica, mesmo que a vacina n\u00e3o impe\u00e7a a infec\u00e7\u00e3o, pode evitar que a doen\u00e7a evolua, &#8220;dar algum arsenal imunol\u00f3gico, por assim dizer, alguma prote\u00e7\u00e3o, para diminuir a presen\u00e7a do v\u00edrus no organismo, para que este n\u00e3o invada tanto e cause uma doen\u00e7a grave&#8221;.<\/p>\n\n\n\n<p><strong>A vacina tr\u00edplice viral tamb\u00e9m protege contra caxumba e rub\u00e9ola.&nbsp;<\/strong>No calend\u00e1rio b\u00e1sico do Sistema \u00danico de Sa\u00fade, a tr\u00edplice viral \u00e9 aplicada em duas doses, aos 12 e aos 15 meses de idade. Crian\u00e7as mais velhas e adultos que n\u00e3o tenham certeza se foram imunizados tamb\u00e9m devem receber a vacina, que s\u00f3 \u00e9 contraindicada para gestantes.<\/p>\n\n\n\n<p><strong>Segundo o Minist\u00e9rio da Sa\u00fade, a vacina\u00e7\u00e3o no pa\u00eds est\u00e1 acima da meta de 95% na primeira dose, mas cai para 81,09%, na segunda.<\/strong><\/p>\n\n\n\n<h2 class=\"wp-block-heading\">Casos suspeitos<\/h2>\n\n\n\n<p>Em 2024, foram notificados 207 casos suspeitos de sarampo no estado do Rio de Janeiro: 205 foram descartados, um foi confirmado e um ainda est\u00e1 sendo investigado. Em 2025, por enquanto, h\u00e1 cinco casos em investiga\u00e7\u00e3o e oito notifica\u00e7\u00f5es foram descartadas.<\/p>\n\n\n\n<p><strong>Como n\u00e3o houve transmiss\u00e3o secund\u00e1ria, o \u00fanico registro confirmado at\u00e9 o momento n\u00e3o amea\u00e7a o&nbsp;<em>status<\/em>&nbsp;do Brasil como pa\u00eds livre de sarampo, reconquistado no ano passado.&nbsp;<\/strong>No entanto, a Secretaria Estadual de Sa\u00fade enviou boletim aos munic\u00edpios fluminenses para que estejam atentas a novos casos suspeitos. O sarampo \u00e9 uma doen\u00e7a de notifica\u00e7\u00e3o compuls\u00f3ria, o que significa que os profissionais de sa\u00fade que suspeitaram de infec\u00e7\u00e3o devem comunicar imediatamente \u00e0s autoridades.&nbsp;<\/p>\n\n\n\n<p><strong>A doen\u00e7a \u00e9 altamente contagiosa: uma \u00fanica pessoa infectada pode transmitir para 90% das pessoas pr\u00f3ximas que n\u00e3o estejam imunes. Os principais sintomas s\u00e3o febre alta e manchas vermelhas no corpo, acompanhados de tosse, coriza, mal-estar ou irrita\u00e7\u00e3o nos olhos.<\/strong>&nbsp;A infec\u00e7\u00e3o pode evoluir para quadros graves, inclusive de inflama\u00e7\u00e3o no c\u00e9rebro, que podem causar a morte.<\/p>\n","protected":false},"excerpt":{"rendered":"<p>Em 2024, dos 207 casos suspeitos notificados, 205 foram descartados Por T\u00e2mara Freire \u2013 Rep\u00f3rter<\/p>\n","protected":false},"author":2,"featured_media":100027,"comment_status":"open","ping_status":"open","sticky":false,"template":"","format":"standard","meta":{"footnotes":""},"categories":[17],"tags":[],"class_list":["post-100026","post","type-post","status-publish","format-standard","has-post-thumbnail","hentry","category-outras-noticias"],"_links":{"self":[{"href":"https:\/\/tvc16.com\/portal\/wp-json\/wp\/v2\/posts\/100026","targetHints":{"allow":["GET"]}}],"collection":[{"href":"https:\/\/tvc16.com\/portal\/wp-json\/wp\/v2\/posts"}],"about":[{"href":"https:\/\/tvc16.com\/portal\/wp-json\/wp\/v2\/types\/post"}],"author":[{"embeddable":true,"href":"https:\/\/tvc16.com\/portal\/wp-json\/wp\/v2\/users\/2"}],"replies":[{"embeddable":true,"href":"https:\/\/tvc16.com\/portal\/wp-json\/wp\/v2\/comments?post=100026"}],"version-history":[{"count":1,"href":"https:\/\/tvc16.com\/portal\/wp-json\/wp\/v2\/posts\/100026\/revisions"}],"predecessor-version":[{"id":100028,"href":"https:\/\/tvc16.com\/portal\/wp-json\/wp\/v2\/posts\/100026\/revisions\/100028"}],"wp:featuredmedia":[{"embeddable":true,"href":"https:\/\/tvc16.com\/portal\/wp-json\/wp\/v2\/media\/100027"}],"wp:attachment":[{"href":"https:\/\/tvc16.com\/portal\/wp-json\/wp\/v2\/media?parent=100026"}],"wp:term":[{"taxonomy":"category","embeddable":true,"href":"https:\/\/tvc16.com\/portal\/wp-json\/wp\/v2\/categories?post=100026"},{"taxonomy":"post_tag","embeddable":true,"href":"https:\/\/tvc16.com\/portal\/wp-json\/wp\/v2\/tags?post=100026"}],"curies":[{"name":"wp","href":"https:\/\/api.w.org\/{rel}","templated":true}]}}