{"id":100029,"date":"2025-03-02T05:00:00","date_gmt":"2025-03-02T08:00:00","guid":{"rendered":"https:\/\/tvc16.com\/portal\/?p=100029"},"modified":"2025-03-01T08:36:49","modified_gmt":"2025-03-01T11:36:49","slug":"cnpq-anuncia-vencedoras-do-premio-mulheres-e-ciencia","status":"publish","type":"post","link":"https:\/\/tvc16.com\/portal\/2025\/03\/02\/cnpq-anuncia-vencedoras-do-premio-mulheres-e-ciencia\/","title":{"rendered":"CNPq anuncia vencedoras do Pr\u00eamio Mulheres e Ci\u00eancia"},"content":{"rendered":"\n<p><em>Premia\u00e7\u00e3o acontece no dia 12 de mar\u00e7o em Bras\u00edlia<\/em><\/p>\n\n\n\n<p>Por Ana Carolina Alli \/ Foto: USP\/Divulga\u00e7\u00e3o<\/p>\n\n\n\n<p><\/p>\n\n\n\n<p>O Conselho Nacional de Desenvolvimento Cient\u00edfico e Tecnol\u00f3gico (CNPq) anunciou nesta sexta-feira (28) as vencedoras da primeira edi\u00e7\u00e3o do Pr\u00eamio Mulheres e Ci\u00eancia.&nbsp;<strong>O objetivo \u00e9 reconhecer e enaltecer a contribui\u00e7\u00e3o das mulheres para o avan\u00e7o da ci\u00eancia no Brasil.&nbsp;<\/strong><img decoding=\"async\" src=\"https:\/\/agenciabrasil.ebc.com.br\/ebc.png?id=1632323&amp;o=node\"><img decoding=\"async\" src=\"https:\/\/agenciabrasil.ebc.com.br\/ebc.gif?id=1632323&amp;o=node\"><\/p>\n\n\n\n<p>A entrega do pr\u00eamio acontecer\u00e1 no dia 12 de mar\u00e7o, na sede do CNPq, em Bras\u00edlia.&nbsp;<\/p>\n\n\n\n<p>Em parceria com o Minist\u00e9rio da Ci\u00eancia, Tecnologia e Inova\u00e7\u00e3o, o British Council, o Minist\u00e9rio das Mulheres e o Banco de Desenvolvimento da Am\u00e9rica Latina e Caribe,&nbsp;<strong>a premia\u00e7\u00e3o oferece cerca de R$ 500 mil em dinheiro<\/strong>, pr\u00eamios e benef\u00edcios para pesquisadoras e empresas que promovem a diversidade, atrav\u00e9s da participa\u00e7\u00e3o de mulheres em \u00e1reas da ci\u00eancia, inova\u00e7\u00e3o e tecnologia.<\/p>\n\n\n\n<p><strong>A iniciativa \u00e9 estruturada em tr\u00eas categorias:<\/strong><\/p>\n\n\n\n<ul class=\"wp-block-list\">\n<li>Est\u00edmulo: voltada para pesquisadoras com at\u00e9 45 anos e tem pr\u00eamios de R$ 20 mil.<\/li>\n\n\n\n<li>Trajet\u00f3ria: para cientistas com 46 anos ou mais, com pr\u00eamios de R$ 40 mil.<\/li>\n\n\n\n<li>M\u00e9rito Institucional &#8211; voltada para empresas, oferece R$ 50 mil para institui\u00e7\u00f5es que se destacaram na aplica\u00e7\u00e3o de a\u00e7\u00f5es de igualdade de g\u00eanero.\u00a0<\/li>\n<\/ul>\n\n\n\n<p>Cada categoria contempla&nbsp;tr\u00eas vencedoras, uma em cada grande \u00e1rea do conhecimento: Ci\u00eancias da Vida; Ci\u00eancias Exatas, da Terra e Engenharias; e Ci\u00eancias Humanas e Sociais, Letras e Artes.<\/p>\n\n\n\n<p><strong>Confira as vencedoras e categorias.<\/strong><\/p>\n\n\n\n<p>Na categoria Est\u00edmulo:<\/p>\n\n\n\n<ul class=\"wp-block-list\">\n<li>Ci\u00eancias da Vida: Mariana Emerenciano Cavalcanti de S\u00e1 &#8211; Instituto Nacional de C\u00e2ncer (INCA);<\/li>\n\n\n\n<li>Ci\u00eancias Exatas, da Terra e Engenharias: Patricia Takako Endo &#8211; Universidade de Pernambuco (UPE);<\/li>\n\n\n\n<li>Ci\u00eancias Humanas e Sociais, Letras e Artes: Marina Alves Amorim &#8211; Funda\u00e7\u00e3o Jo\u00e3o Pessoa (FJP);<\/li>\n<\/ul>\n\n\n\n<p>Na categoria Trajet\u00f3ria:<\/p>\n\n\n\n<ul class=\"wp-block-list\">\n<li>Ci\u00eancias da Vida: Camila Cherem Ribas &#8211; Instituto Nacional de Pesquisas da Amaz\u00f4nia (INPA);<\/li>\n\n\n\n<li>Ci\u00eancias Exatas, da Terra e Engenharias: Mariangela Hungria da Cunha &#8211; Empresa Brasileira de Pesquisa Agropecu\u00e1ria (Embrapa);<\/li>\n\n\n\n<li>Ci\u00eancias Humanas e Sociais, Letras e Artes: Debora Diniz Rodrigues &#8211; Universidade de Bras\u00edlia (UnB).<\/li>\n<\/ul>\n\n\n\n<p>Na categoria M\u00e9rito Institucional, foram contemplados:<\/p>\n\n\n\n<p>Instituto Federal de Educa\u00e7\u00e3o, Ci\u00eancia e Tecnologia do Rio Grande do Sul (IFRS).<br><\/p>\n\n\n\n<p>Universidade Federal Fluminense (UFF),<\/p>\n\n\n\n<p>Universidade Federal do Cear\u00e1 (UFC)<\/p>\n","protected":false},"excerpt":{"rendered":"<p>Premia\u00e7\u00e3o acontece no dia 12 de mar\u00e7o em Bras\u00edlia Por Ana Carolina Alli \/ Foto:<\/p>\n","protected":false},"author":2,"featured_media":100030,"comment_status":"open","ping_status":"open","sticky":false,"template":"","format":"standard","meta":{"footnotes":""},"categories":[17],"tags":[],"class_list":["post-100029","post","type-post","status-publish","format-standard","has-post-thumbnail","hentry","category-outras-noticias"],"_links":{"self":[{"href":"https:\/\/tvc16.com\/portal\/wp-json\/wp\/v2\/posts\/100029","targetHints":{"allow":["GET"]}}],"collection":[{"href":"https:\/\/tvc16.com\/portal\/wp-json\/wp\/v2\/posts"}],"about":[{"href":"https:\/\/tvc16.com\/portal\/wp-json\/wp\/v2\/types\/post"}],"author":[{"embeddable":true,"href":"https:\/\/tvc16.com\/portal\/wp-json\/wp\/v2\/users\/2"}],"replies":[{"embeddable":true,"href":"https:\/\/tvc16.com\/portal\/wp-json\/wp\/v2\/comments?post=100029"}],"version-history":[{"count":1,"href":"https:\/\/tvc16.com\/portal\/wp-json\/wp\/v2\/posts\/100029\/revisions"}],"predecessor-version":[{"id":100031,"href":"https:\/\/tvc16.com\/portal\/wp-json\/wp\/v2\/posts\/100029\/revisions\/100031"}],"wp:featuredmedia":[{"embeddable":true,"href":"https:\/\/tvc16.com\/portal\/wp-json\/wp\/v2\/media\/100030"}],"wp:attachment":[{"href":"https:\/\/tvc16.com\/portal\/wp-json\/wp\/v2\/media?parent=100029"}],"wp:term":[{"taxonomy":"category","embeddable":true,"href":"https:\/\/tvc16.com\/portal\/wp-json\/wp\/v2\/categories?post=100029"},{"taxonomy":"post_tag","embeddable":true,"href":"https:\/\/tvc16.com\/portal\/wp-json\/wp\/v2\/tags?post=100029"}],"curies":[{"name":"wp","href":"https:\/\/api.w.org\/{rel}","templated":true}]}}