{"id":100032,"date":"2025-03-01T08:37:51","date_gmt":"2025-03-01T11:37:51","guid":{"rendered":"https:\/\/tvc16.com\/portal\/?p=100032"},"modified":"2025-03-01T08:37:54","modified_gmt":"2025-03-01T11:37:54","slug":"governo-divulga-lista-final-de-aprovados-no-cnu-veja-como-acessar","status":"publish","type":"post","link":"https:\/\/tvc16.com\/portal\/2025\/03\/01\/governo-divulga-lista-final-de-aprovados-no-cnu-veja-como-acessar\/","title":{"rendered":"Governo divulga lista final de aprovados no CNU; veja como acessar"},"content":{"rendered":"\n<p><em>Resultados s\u00e3o para vagas imediatas, de espera e cursos de forma\u00e7\u00e3o<\/em><\/p>\n\n\n\n<p>Por Daniella Almeida &#8211; Rep\u00f3rter da Ag\u00eancia Brasil \/ Foto: Joel Rodrigues\/Ag\u00eancia Bras\u00edlia<\/p>\n\n\n\n<p><\/p>\n\n\n\n<p>O Minist\u00e9rio da Gest\u00e3o e da Inova\u00e7\u00e3o em Servi\u00e7os P\u00fablicos (MGI) e a Funda\u00e7\u00e3o Cesgranrio divulgaram na noite desta sexta-feira&nbsp;(28)&nbsp;<strong>os resultados finais do Concurso P\u00fablico Nacional Unificado (CPNU)<\/strong>.<img decoding=\"async\" src=\"https:\/\/agenciabrasil.ebc.com.br\/ebc.png?id=1632324&amp;o=node\"><img decoding=\"async\" src=\"https:\/\/agenciabrasil.ebc.com.br\/ebc.gif?id=1632324&amp;o=node\"><\/p>\n\n\n\n<p>Os resultados individuais est\u00e3o&nbsp;<a href=\"https:\/\/cpnu.cesgranrio.org.br\/login\" target=\"_blank\" rel=\"noreferrer noopener\">dispon\u00edveis na \u00c1rea do Candidato, na p\u00e1gina da Cesgranrio<\/a>.&nbsp;<\/p>\n\n\n\n<p>A publica\u00e7\u00e3o dos resultados&nbsp;<a href=\"https:\/\/agenciabrasil.ebc.com.br\/geral\/noticia\/2025-02\/cnu-inicialmente-previsto-para-10h-resultado-saira-ao-longo-do-dia\" target=\"_blank\" rel=\"noreferrer noopener\">estava prevista para as 10h<\/a>, mas&nbsp;<strong>foi adiada&nbsp;devido \u00e0 necessidade de elabora\u00e7\u00e3o de&nbsp;novas listas de classifica\u00e7\u00e3o por causa&nbsp;de liminares<\/strong>&nbsp;concedidas a candidatos eliminados&nbsp;que obtiveram o&nbsp;<a href=\"https:\/\/agenciabrasil.ebc.com.br\/geral\/noticia\/2025-01\/mpf-recomenda-suspender-divulgacao-dos-resultados-finais-do-cnu\" target=\"_blank\" rel=\"noreferrer noopener\">direito de continuar no certame judicialmente<\/a>.&nbsp;<\/p>\n\n\n\n<p>Ao todo, s\u00e3o<strong>&nbsp;194 listas, sendo finais de classifica\u00e7\u00e3o&nbsp;<\/strong>para&nbsp;<strong>vagas de&nbsp;contrata\u00e7\u00e3o imediata<\/strong>&nbsp;e&nbsp;<strong>de espera para os cargos dos blocos tem\u00e1ticos 1 a 8<\/strong>, e o<strong>&nbsp;resultado final da convoca\u00e7\u00e3o para matr\u00edcula&nbsp;nos cursos de forma\u00e7\u00e3o de nove cargos.<\/strong><\/p>\n\n\n\n<p>De acordo com o minist\u00e9rio, as&nbsp;<strong>listas finais ser\u00e3o disponibilizadas em breve na \u00c1rea do Candidato e no site do MGI<\/strong>.&nbsp;<\/p>\n\n\n\n<p>A&nbsp;<strong>homologa\u00e7\u00e3o dos resultados para os&nbsp;cargos que n\u00e3o exigem&nbsp;curso de forma\u00e7\u00e3o deve ser publicad<\/strong>a&nbsp;no&nbsp;Di\u00e1rio Oficial da Uni\u00e3o&nbsp;<strong>no dia&nbsp;7 de mar\u00e7o<\/strong>.&nbsp;<\/p>\n\n\n\n<h2 class=\"wp-block-heading\">Consultas individuais<\/h2>\n\n\n\n<p>O&nbsp;participante&nbsp;pode&nbsp;<strong>consultar&nbsp;online&nbsp;as notas finais individuais<\/strong>&nbsp;para cada um dos cargos que se inscreveu. A consulta deve ser feita na&nbsp;<a href=\"https:\/\/cpnu.cesgranrio.org.br\/login\" target=\"_blank\" rel=\"noreferrer noopener\">\u00c1rea do Candidato, na Funda\u00e7\u00e3o Cesgranrio<\/a>, com a conta da plataforma gov.br. O login \u00e9 feito com o n\u00famero do CPF&nbsp;e a senha cadastrados.<\/p>\n\n\n\n<p><strong>Cada candidato s\u00f3 aparecer\u00e1 como aprovado em um dos cargos<\/strong>. Por\u00e9m, esta mesma pessoa poder\u00e1 aparecer em diversas listas de espera de outros cargos de maior prefer\u00eancia.<\/p>\n\n\n\n<p>Pela consulta, os participantes saber\u00e3o a pr\u00f3pria situa\u00e7\u00e3o para cargo:&nbsp;se foi aprovado em vagas imediatas ou se est\u00e1 no cadastro reserva; se est\u00e1 convocado para curso de forma\u00e7\u00e3o (para nove cargos dos blocos tem\u00e1ticos de n\u00edvel superior \u2013 1 a 7) ou se foi eliminado.<\/p>\n\n\n\n<p>No caso de vagas reservadas por lei a pessoas com defici\u00eancia, negras e ind\u00edgenas, o participante \u00e9 comunicado sobre sua classifica\u00e7\u00e3o na ampla concorr\u00eancia e nas cotas.<\/p>\n\n\n\n<p>Ainda est\u00e3o dispon\u00edveis as informa\u00e7\u00f5es sobre as notas na prova objetiva e na discursiva, na avalia\u00e7\u00e3o de t\u00edtulos, resultado de bancas examinadoras das autodeclara\u00e7\u00f5es dos candidatos (PCD, heteroidentifica\u00e7\u00e3o e ind\u00edgena) e nota final ponderada em cada cargo.<\/p>\n\n\n\n<h2 class=\"wp-block-heading\">Cursos de forma\u00e7\u00e3o<\/h2>\n\n\n\n<p>Os&nbsp;<strong>cursos de&nbsp;forma\u00e7\u00e3o<\/strong>&nbsp;representam uma&nbsp;<strong>etapa classificat\u00f3ria e eliminat\u00f3ria do concurso<\/strong>, com o objetivo de capacitar os aprovados para os desafios da administra\u00e7\u00e3o p\u00fablica federal.&nbsp;&nbsp;<\/p>\n\n\n\n<p>Na \u00e1rea do candidato, ser\u00e3o divulgadas 21 tabelas com listagem final de convocados em cargos dos blocos de n\u00edvel superior (1 a 7) para matr\u00edcula em cursos de forma\u00e7\u00e3o, com candidatos&nbsp;<em>sub judice<\/em>, ou seja, aquele que tem sua situa\u00e7\u00e3o pendente de decis\u00e3o judicial.<\/p>\n\n\n\n<p>S\u00e3o&nbsp;<strong>nove cargos que possuem curso de forma\u00e7\u00e3o<\/strong>: especialista em pol\u00edticas p\u00fablicas e gest\u00e3o governamental (EPPGG); analista de com\u00e9rcio exterior (ace); analista em tecnologia da informa\u00e7\u00e3o (ATI); analista t\u00e9cnico de pol\u00edticas sociais (ATPS); analista de infraestrutura (AIE); especialista em regula\u00e7\u00e3o de servi\u00e7os p\u00fablicos (Aneel); especialista em regula\u00e7\u00e3o de servi\u00e7os p\u00fablicos (Antaq); auditor-fiscal do trabalho (AFT); e especialista em regula\u00e7\u00e3o de sa\u00fade suplementar (ANS).&nbsp;<\/p>\n\n\n\n<p>Todos os candidatos convocados para matr\u00edculas nos cursos de forma\u00e7\u00e3o tamb\u00e9m receberam&nbsp;nesta sexta-feira mensagens de e-mail e whatsapp da Cesgranrio.<\/p>\n\n\n\n<h2 class=\"wp-block-heading\">Concurso Unificado<\/h2>\n\n\n\n<p>A primeira edi\u00e7\u00e3o do Concurso P\u00fablico Nacional Unificado teve 2,11 milh\u00f5es de candidatos inscritos de&nbsp;5.555 munic\u00edpios.<\/p>\n\n\n\n<p>Pela primeira vez, um processo seletivo permitiu que os candidatos concorressem a vagas de diferentes \u00f3rg\u00e3os com uma \u00fanica inscri\u00e7\u00e3o.<\/p>\n\n\n\n<p>Destes, 970 mil compareceram de fato aos dois dias de exame para disputar 6.640 vagas em 21 \u00f3rg\u00e3os da administra\u00e7\u00e3o p\u00fablica federal.&nbsp;O certame foi aplicado em 3.665 locais de provas (como escolas e faculdades) em 228 cidades.&nbsp;<\/p>\n\n\n\n<p>O MGI prev\u00ea uma segunda edi\u00e7\u00e3o do concurso unificado. O&nbsp;<a href=\"https:\/\/agenciabrasil.ebc.com.br\/economia\/noticia\/2025-02\/novo-cnu-edital-deve-sair-nas-proximas-semanas-diz-ministra\" target=\"_blank\" rel=\"noreferrer noopener\">novo edital dever\u00e1 ser publicado at\u00e9 o fim de mar\u00e7o<\/a>.<\/p>\n\n\n\n<p><\/p>\n\n\n\n<p><\/p>\n\n\n\n<p><br><\/p>\n","protected":false},"excerpt":{"rendered":"<p>Resultados s\u00e3o para vagas imediatas, de espera e cursos de forma\u00e7\u00e3o Por Daniella Almeida &#8211;<\/p>\n","protected":false},"author":2,"featured_media":100033,"comment_status":"open","ping_status":"open","sticky":false,"template":"","format":"standard","meta":{"footnotes":""},"categories":[17],"tags":[],"class_list":["post-100032","post","type-post","status-publish","format-standard","has-post-thumbnail","hentry","category-outras-noticias"],"_links":{"self":[{"href":"https:\/\/tvc16.com\/portal\/wp-json\/wp\/v2\/posts\/100032","targetHints":{"allow":["GET"]}}],"collection":[{"href":"https:\/\/tvc16.com\/portal\/wp-json\/wp\/v2\/posts"}],"about":[{"href":"https:\/\/tvc16.com\/portal\/wp-json\/wp\/v2\/types\/post"}],"author":[{"embeddable":true,"href":"https:\/\/tvc16.com\/portal\/wp-json\/wp\/v2\/users\/2"}],"replies":[{"embeddable":true,"href":"https:\/\/tvc16.com\/portal\/wp-json\/wp\/v2\/comments?post=100032"}],"version-history":[{"count":1,"href":"https:\/\/tvc16.com\/portal\/wp-json\/wp\/v2\/posts\/100032\/revisions"}],"predecessor-version":[{"id":100034,"href":"https:\/\/tvc16.com\/portal\/wp-json\/wp\/v2\/posts\/100032\/revisions\/100034"}],"wp:featuredmedia":[{"embeddable":true,"href":"https:\/\/tvc16.com\/portal\/wp-json\/wp\/v2\/media\/100033"}],"wp:attachment":[{"href":"https:\/\/tvc16.com\/portal\/wp-json\/wp\/v2\/media?parent=100032"}],"wp:term":[{"taxonomy":"category","embeddable":true,"href":"https:\/\/tvc16.com\/portal\/wp-json\/wp\/v2\/categories?post=100032"},{"taxonomy":"post_tag","embeddable":true,"href":"https:\/\/tvc16.com\/portal\/wp-json\/wp\/v2\/tags?post=100032"}],"curies":[{"name":"wp","href":"https:\/\/api.w.org\/{rel}","templated":true}]}}