{"id":100035,"date":"2025-03-01T08:39:30","date_gmt":"2025-03-01T11:39:30","guid":{"rendered":"https:\/\/tvc16.com\/portal\/?p=100035"},"modified":"2025-03-01T08:39:34","modified_gmt":"2025-03-01T11:39:34","slug":"conta-de-energia-eletrica-permanecera-sem-cobranca-extra-em-marco","status":"publish","type":"post","link":"https:\/\/tvc16.com\/portal\/2025\/03\/01\/conta-de-energia-eletrica-permanecera-sem-cobranca-extra-em-marco\/","title":{"rendered":"Conta de energia el\u00e9trica permanecer\u00e1 sem cobran\u00e7a extra em mar\u00e7o"},"content":{"rendered":"\n<p><em>Medida reflete condi\u00e7\u00f5es favor\u00e1veis de gera\u00e7\u00e3o de usinas hidrel\u00e9tricas<\/em><\/p>\n\n\n\n<p>Por Ag\u00eancia Brasil \/ Foto: Marcello Casal JrAg\u00eancia Brasil<\/p>\n\n\n\n<p><\/p>\n\n\n\n<p><strong>A Ag\u00eancia Nacional de Energia El\u00e9trica (Aneel) decidiu manter a bandeira tarif\u00e1ria verde em mar\u00e7o, o que significa que n\u00e3o haver\u00e1 cobran\u00e7a adicional nas contas de energia.&nbsp;<\/strong>Segundo a ag\u00eancia, a medida reflete as condi\u00e7\u00f5es favor\u00e1veis de gera\u00e7\u00e3o de energia no pa\u00eds.<img decoding=\"async\" src=\"https:\/\/agenciabrasil.ebc.com.br\/ebc.png?id=1632311&amp;o=node\"><img decoding=\"async\" src=\"https:\/\/agenciabrasil.ebc.com.br\/ebc.gif?id=1632311&amp;o=node\"><\/p>\n\n\n\n<p>A&nbsp;<a href=\"http:\/\/agenciabrasil.ebc.com.br\/economia\/noticia\/2025-01\/consumidor-continuara-sem-cobranca-extra-na-conta-de-luz-em-fevereiro\">bandeira tarif\u00e1ria permanece verde<\/a>&nbsp;desde dezembro de 2024.&nbsp;<\/p>\n\n\n\n<blockquote class=\"wp-block-quote is-layout-flow wp-block-quote-is-layout-flow\">\n<p>\u201cCom o per\u00edodo chuvoso, os n\u00edveis dos reservat\u00f3rios melhoraram, assim como as condi\u00e7\u00f5es de gera\u00e7\u00e3o das usinas hidrel\u00e9tricas. Dessa forma, o acionamento de usinas termel\u00e9tricas, que possuem energia mais cara, torna-se menos necess\u00e1rio\u201d, explica a Aneel.&nbsp;<\/p>\n<\/blockquote>\n\n\n\n<h2 class=\"wp-block-heading\">Bandeiras tarif\u00e1rias<\/h2>\n\n\n\n<p><strong>Criado em 2015 pela Aneel, o sistema de bandeiras tarif\u00e1rias reflete os custos vari\u00e1veis da gera\u00e7\u00e3o de energia el\u00e9trica.<\/strong>&nbsp;Divididas em n\u00edveis, as bandeiras indicam quanto est\u00e1 custando para o Sistema Interligado Nacional gerar a energia usada nas casas, em estabelecimentos comerciais e nas ind\u00fastrias.&nbsp;<\/p>\n\n\n\n<p>Quando a conta de luz \u00e9 calculada pela bandeira verde, n\u00e3o h\u00e1 nenhum acr\u00e9scimo. Quando s\u00e3o aplicadas as bandeiras vermelha ou amarela, a conta sofre acr\u00e9scimos a cada 100 quilowatts-hora (kWh) consumidos.<\/p>\n\n\n\n<p>Relacionadas<\/p>\n\n\n\n<p><a href=\"https:\/\/agenciabrasil.ebc.com.br\/economia\/noticia\/2025-02\/enel-podera-ter-contrato-renovado-por-30-anos-apos-decisao-da-aneel\"><\/a><br><\/p>\n","protected":false},"excerpt":{"rendered":"<p>Medida reflete condi\u00e7\u00f5es favor\u00e1veis de gera\u00e7\u00e3o de usinas hidrel\u00e9tricas Por Ag\u00eancia Brasil \/ Foto: Marcello<\/p>\n","protected":false},"author":2,"featured_media":100036,"comment_status":"open","ping_status":"open","sticky":false,"template":"","format":"standard","meta":{"footnotes":""},"categories":[17],"tags":[],"class_list":["post-100035","post","type-post","status-publish","format-standard","has-post-thumbnail","hentry","category-outras-noticias"],"_links":{"self":[{"href":"https:\/\/tvc16.com\/portal\/wp-json\/wp\/v2\/posts\/100035","targetHints":{"allow":["GET"]}}],"collection":[{"href":"https:\/\/tvc16.com\/portal\/wp-json\/wp\/v2\/posts"}],"about":[{"href":"https:\/\/tvc16.com\/portal\/wp-json\/wp\/v2\/types\/post"}],"author":[{"embeddable":true,"href":"https:\/\/tvc16.com\/portal\/wp-json\/wp\/v2\/users\/2"}],"replies":[{"embeddable":true,"href":"https:\/\/tvc16.com\/portal\/wp-json\/wp\/v2\/comments?post=100035"}],"version-history":[{"count":1,"href":"https:\/\/tvc16.com\/portal\/wp-json\/wp\/v2\/posts\/100035\/revisions"}],"predecessor-version":[{"id":100037,"href":"https:\/\/tvc16.com\/portal\/wp-json\/wp\/v2\/posts\/100035\/revisions\/100037"}],"wp:featuredmedia":[{"embeddable":true,"href":"https:\/\/tvc16.com\/portal\/wp-json\/wp\/v2\/media\/100036"}],"wp:attachment":[{"href":"https:\/\/tvc16.com\/portal\/wp-json\/wp\/v2\/media?parent=100035"}],"wp:term":[{"taxonomy":"category","embeddable":true,"href":"https:\/\/tvc16.com\/portal\/wp-json\/wp\/v2\/categories?post=100035"},{"taxonomy":"post_tag","embeddable":true,"href":"https:\/\/tvc16.com\/portal\/wp-json\/wp\/v2\/tags?post=100035"}],"curies":[{"name":"wp","href":"https:\/\/api.w.org\/{rel}","templated":true}]}}