{"id":10004,"date":"2021-01-29T23:31:15","date_gmt":"2021-01-30T02:31:15","guid":{"rendered":"https:\/\/tvc16.com\/portal\/?p=10004"},"modified":"2021-01-29T23:31:17","modified_gmt":"2021-01-30T02:31:17","slug":"revitalizacao-do-relogio-das-flores-e-do-entorno-foi-tema-de-uma-reuniao-entre-representantes-da-prefeitura-e-da-iniciativa-privada-na-noite-de-ontem-28-o-objetivo-e-que-o-atrativo-administrado-pe","status":"publish","type":"post","link":"https:\/\/tvc16.com\/portal\/2021\/01\/29\/revitalizacao-do-relogio-das-flores-e-do-entorno-foi-tema-de-uma-reuniao-entre-representantes-da-prefeitura-e-da-iniciativa-privada-na-noite-de-ontem-28-o-objetivo-e-que-o-atrativo-administrado-pe\/","title":{"rendered":"Revitaliza\u00e7\u00e3o do Rel\u00f3gio das Flores e do entorno foi tema de uma reuni\u00e3o entre representantes da prefeitura e da iniciativa privada na noite de ontem (28). O objetivo \u00e9 que o atrativo, administrado pelo poder p\u00fablico, volte a funcionar no dia 16 de mar\u00e7o, anivers\u00e1rio da cidade"},"content":{"rendered":"\n<p>Al\u00e9m disso, a proposta \u00e9 instalar c\u00e2meras de seguran\u00e7a e realizar melhorias diversas, como na ilumina\u00e7\u00e3o, limpeza e conserva\u00e7\u00e3o dos jardins do local.<\/p>\n\n\n\n<p>O prefeito interino Hingo Hammes, destaca a parceria entre o poder p\u00fablico e a iniciativa privada: \u201cA inten\u00e7\u00e3o \u00e9 estreitar la\u00e7os e unir for\u00e7as pela cidade. O Rel\u00f3gio das Flores \u00e9 um importante atrativo tur\u00edstico de Petr\u00f3polis, e merece toda a aten\u00e7\u00e3o do governo municipal\u201d.<\/p>\n\n\n\n<p>A reuni\u00e3o foi o primeiro contato entre os \u00f3rg\u00e3os. A inten\u00e7\u00e3o \u00e9 que a partir de pr\u00f3ximos encontros sejam definidos como ser\u00e3o feitos todos os servi\u00e7os, como a limpeza e conserva\u00e7\u00e3o dos jardins do atrativo, assim como a manuten\u00e7\u00e3o do equipamento do rel\u00f3gio (ponteiros e maquin\u00e1rio), e todos os cuidados para perfeita opera\u00e7\u00e3o do equipamento.<\/p>\n\n\n\n<p>\u201cA uni\u00e3o e integra\u00e7\u00e3o entre v\u00e1rios setores \u00e9 de extrema import\u00e2ncia para a cidade. Tenho certeza que juntos conseguiremos solucionar essa quest\u00e3o, para que ele volte a ornamentar a cidade e atrair o p\u00fablico em pleno funcionamento\u201d, disse o secret\u00e1rio da Turispetro, Samir El Ghaoui.<\/p>\n\n\n\n<p>Tamb\u00e9m estiveram presentes no encontro secret\u00e1rio de Meio Ambiente, Edmardo Campbell, o Diretor-Presidente da COMDEP, Leonardo K. Fernandes, a CPTrans, representada por Ricardo Castro, Marcos Falconi, respons\u00e1vel pela manuten\u00e7\u00e3o do rel\u00f3gio, o reitor da UCP, Pe. Pedro Paulo de Carvalho Rosa, o vice-reitor, maestro Marcelo Vizani, o pr\u00f3-reitor administrativo, Anderson Cunha, e empres\u00e1rios do entorno.<\/p>\n\n\n\n<p>O Rel\u00f3gios das Flores comemora 50 anos no ano que vem. Ele foi inaugurado em 1972 em comemora\u00e7\u00e3o aos 150 anos da Independ\u00eancia do Brasil e desde ent\u00e3o \u00e9 um dos atrativos tur\u00edsticos mais visitados em Petr\u00f3polis.<\/p>\n","protected":false},"excerpt":{"rendered":"<p>Al\u00e9m disso, a proposta \u00e9 instalar c\u00e2meras de seguran\u00e7a e realizar melhorias diversas, como na<\/p>\n","protected":false},"author":2,"featured_media":0,"comment_status":"open","ping_status":"open","sticky":false,"template":"","format":"standard","meta":{"footnotes":""},"categories":[12],"tags":[],"class_list":["post-10004","post","type-post","status-publish","format-standard","hentry","category-cidade"],"_links":{"self":[{"href":"https:\/\/tvc16.com\/portal\/wp-json\/wp\/v2\/posts\/10004","targetHints":{"allow":["GET"]}}],"collection":[{"href":"https:\/\/tvc16.com\/portal\/wp-json\/wp\/v2\/posts"}],"about":[{"href":"https:\/\/tvc16.com\/portal\/wp-json\/wp\/v2\/types\/post"}],"author":[{"embeddable":true,"href":"https:\/\/tvc16.com\/portal\/wp-json\/wp\/v2\/users\/2"}],"replies":[{"embeddable":true,"href":"https:\/\/tvc16.com\/portal\/wp-json\/wp\/v2\/comments?post=10004"}],"version-history":[{"count":1,"href":"https:\/\/tvc16.com\/portal\/wp-json\/wp\/v2\/posts\/10004\/revisions"}],"predecessor-version":[{"id":10006,"href":"https:\/\/tvc16.com\/portal\/wp-json\/wp\/v2\/posts\/10004\/revisions\/10006"}],"wp:attachment":[{"href":"https:\/\/tvc16.com\/portal\/wp-json\/wp\/v2\/media?parent=10004"}],"wp:term":[{"taxonomy":"category","embeddable":true,"href":"https:\/\/tvc16.com\/portal\/wp-json\/wp\/v2\/categories?post=10004"},{"taxonomy":"post_tag","embeddable":true,"href":"https:\/\/tvc16.com\/portal\/wp-json\/wp\/v2\/tags?post=10004"}],"curies":[{"name":"wp","href":"https:\/\/api.w.org\/{rel}","templated":true}]}}