{"id":100043,"date":"2025-03-02T09:59:03","date_gmt":"2025-03-02T12:59:03","guid":{"rendered":"https:\/\/tvc16.com\/portal\/?p=100043"},"modified":"2025-03-02T09:59:04","modified_gmt":"2025-03-02T12:59:04","slug":"pe-de-meia-confira-calendario-de-pagamento-de-2025","status":"publish","type":"post","link":"https:\/\/tvc16.com\/portal\/2025\/03\/02\/pe-de-meia-confira-calendario-de-pagamento-de-2025\/","title":{"rendered":"P\u00e9-de-Meia: confira calend\u00e1rio de pagamento de 2025"},"content":{"rendered":"\n<p><em>Calend\u00e1rio segue cronograma que varia conforme o m\u00eas de nascimento<\/em><\/p>\n\n\n\n<p>Por Daniella Almeida &#8211; Rep\u00f3rter da Ag\u00eancia Brasil \/ Foto: Marcelo Camargo\/Ag\u00eancia Brasil<\/p>\n\n\n\n<p><\/p>\n\n\n\n<p>O Minist\u00e9rio da Educa\u00e7\u00e3o (MEC) divulgou nesta sexta-feira (28)&nbsp; a&nbsp;<a href=\"https:\/\/www.in.gov.br\/en\/web\/dou\/-\/portaria-mec-n-143-de-26-de-fevereiro-de-2025-615359698\" target=\"_blank\" rel=\"noreferrer noopener\">Portaria n\u00ba 143\/2025<\/a>&nbsp;com o&nbsp;<strong>calend\u00e1rio de pagamento do programa P\u00e9-de-Meia<\/strong>&nbsp;para este ano. As regras e as datas foram publicadas no&nbsp;<em>Di\u00e1rio Oficial da Uni\u00e3o<\/em>&nbsp;desta sexta-feira (28).<img decoding=\"async\" src=\"https:\/\/agenciabrasil.ebc.com.br\/ebc.png?id=1632310&amp;o=node\"><img decoding=\"async\" src=\"https:\/\/agenciabrasil.ebc.com.br\/ebc.gif?id=1632310&amp;o=node\"><\/p>\n\n\n\n<p>O programa federal funciona como um incentivo financeiro para que o&nbsp;<strong>estudante de baixa renda da rede p\u00fablica permane\u00e7a na escola e se forme no ensino m\u00e9dio<\/strong>, sem abandonar os estudos para trabalhar.<\/p>\n\n\n\n<p>A pol\u00edtica p\u00fablica \u00e9 voltada a jovens matriculados do ensino m\u00e9dio regular e na modalidade da educa\u00e7\u00e3o de jovens e adultos (EJA), que sejam parte de fam\u00edlias inclu\u00eddas no Cadastro \u00danico para Programas Sociais (Cad\u00danico). Todo estudante que se encaixa nos crit\u00e9rios do programa \u00e9&nbsp;<a href=\"https:\/\/agenciabrasil.ebc.com.br\/educacao\/noticia\/2025-02\/saiba-quem-tem-direito-ao-pe-de-meia-e-como-acessar-o-programa\" target=\"_blank\" rel=\"noreferrer noopener\">inclu\u00eddo automaticamente<\/a>.&nbsp;<strong>N\u00e3o h\u00e1 necessidade de se inscrever<\/strong>.<\/p>\n\n\n\n<p>O estudante pode consultar o&nbsp;<a href=\"https:\/\/www.gov.br\/mec\/pt-br\/jornadadoestudante\" target=\"_blank\" rel=\"noreferrer noopener\">aplicativo Jornada do Estudante<\/a>&nbsp;para saber se tem o direito a receber os benef\u00edcios.<\/p>\n\n\n\n<h2 class=\"wp-block-heading\">Calend\u00e1rio<\/h2>\n\n\n\n<p><strong>Os dep\u00f3sitos s\u00e3o feitos de acordo com matr\u00edcula, frequ\u00eancia dos estudantes nas aulas e participa\u00e7\u00e3o no Enem<\/strong>. Os pagamentos seguem um cronograma que varia conforme o m\u00eas de nascimento do estudante.\u00a0<\/p>\n\n\n\n<h2 class=\"wp-block-heading\">Incentivos<\/h2>\n\n\n\n<p>A chamada Poupan\u00e7a do Ensino M\u00e9dio tem quatro tipos de incentivos:<\/p>\n\n\n\n<ul class=\"wp-block-list\">\n<li>\u00a0\u00a0 \u00a0 incentivo-matr\u00edcula: por matr\u00edcula registrada no in\u00edcio do ano letivo, valor pago uma vez por ano, no valor de R$ 200;<\/li>\n\n\n\n<li>\u00a0\u00a0 \u00a0 incentivo-frequ\u00eancia: por frequ\u00eancia m\u00ednima escolar de 80% do total de horas letivas. Para o ensino regular, s\u00e3o nove parcelas durante o ano de R$ 200.\u00a0<\/li>\n<\/ul>\n\n\n\n<p>Aos alunos da EJA, o b\u00f4nus&nbsp; \u00e9 pago em quatro parcelas de R$ 225, por semestre cursado. O valor total semestral de \u00e9 R$ 900.<\/p>\n\n\n\n<ul class=\"wp-block-list\">\n<li>\u00a0\u00a0 \u00a0 incentivo-conclus\u00e3o: por conclus\u00e3o e com aprova\u00e7\u00e3o em cada um dos tr\u00eas anos letivos do ensino m\u00e9dio e participa\u00e7\u00e3o em avalia\u00e7\u00f5es educacionais, no valor total de R$ 3 mil. O saque depende da obten\u00e7\u00e3o de certificado de conclus\u00e3o do ensino m\u00e9dio;<\/li>\n\n\n\n<li>\u00a0\u00a0 \u00a0 incentivo-Enem: por participa\u00e7\u00e3o comprovada nos dois dias do Exame Nacional do Ensino M\u00e9dio (Enem), no \u00faltimo ano do ensino m\u00e9dio. Os R$ 200 s\u00e3o pagos em parcela \u00fanica ao estudante matriculado no terceiro ano e ficam dispon\u00edveis para saque.<\/li>\n<\/ul>\n\n\n\n<p>O incentivo-matr\u00edcula e o incentivo-frequ\u00eancia s\u00e3o pagos ao longo do ano letivo, a partir da comprova\u00e7\u00e3o da frequ\u00eancia mensal do estudante. O pagamento do incentivo-conclus\u00e3o na modalidade poupan\u00e7a depende da conclus\u00e3o de cada ano do ensino m\u00e9dio e poder\u00e1 ser sacado somente ap\u00f3s a aprova\u00e7\u00e3o no terceiro ano.&nbsp;<\/p>\n\n\n\n<p>A \u00faltima parcela do incentivo-Enem\u00a0<strong>s\u00f3 ser\u00e1 paga ap\u00f3s a obten\u00e7\u00e3o do certificado do ensino m\u00e9dio<\/strong>.\u00a0<\/p>\n\n\n\n<h2 class=\"wp-block-heading\">Dep\u00f3sitos<\/h2>\n\n\n\n<p>Todos os&nbsp;<strong>incentivos s\u00e3o pagos pelo Minist\u00e9rio da Educa\u00e7\u00e3o em conta a ser aberta automaticamente pela Caixa Econ\u00f4mica Federal<\/strong>&nbsp;em nome dos estudantes do primeiro, segundo e terceiro anos do ensino m\u00e9dio matriculados em 2025.<\/p>\n\n\n\n<p>O agendamento dos pagamentos e os futuros dep\u00f3sitos tamb\u00e9m poder\u00e3o ser consultados no\u00a0<a href=\"https:\/\/play.google.com\/store\/apps\/details?id=br.gov.mec.jornada.estudante\" target=\"_blank\" rel=\"noreferrer noopener\">aplicativo Jornada do Estudante<\/a>, que\u00a0<strong>pode ser baixado em smartphones e tablets e o login \u00e9 feito com o pr\u00f3prio Cadastro de Pessoa F\u00edsica (CPF)<\/strong>\u00a0do estudante na conta no portal \u00fanico de servi\u00e7os digitais do governo federal, o\u00a0<a href=\"https:\/\/www.gov.br\/pt-br\" target=\"_blank\" rel=\"noreferrer noopener\">Gov.br<\/a>. A conta pode ser de n\u00edvel de seguran\u00e7a bronze.\u00a0<\/p>\n\n\n\n<p><br><\/p>\n","protected":false},"excerpt":{"rendered":"<p>Calend\u00e1rio segue cronograma que varia conforme o m\u00eas de nascimento Por Daniella Almeida &#8211; Rep\u00f3rter<\/p>\n","protected":false},"author":2,"featured_media":100044,"comment_status":"open","ping_status":"open","sticky":false,"template":"","format":"standard","meta":{"footnotes":""},"categories":[17],"tags":[],"class_list":["post-100043","post","type-post","status-publish","format-standard","has-post-thumbnail","hentry","category-outras-noticias"],"_links":{"self":[{"href":"https:\/\/tvc16.com\/portal\/wp-json\/wp\/v2\/posts\/100043","targetHints":{"allow":["GET"]}}],"collection":[{"href":"https:\/\/tvc16.com\/portal\/wp-json\/wp\/v2\/posts"}],"about":[{"href":"https:\/\/tvc16.com\/portal\/wp-json\/wp\/v2\/types\/post"}],"author":[{"embeddable":true,"href":"https:\/\/tvc16.com\/portal\/wp-json\/wp\/v2\/users\/2"}],"replies":[{"embeddable":true,"href":"https:\/\/tvc16.com\/portal\/wp-json\/wp\/v2\/comments?post=100043"}],"version-history":[{"count":1,"href":"https:\/\/tvc16.com\/portal\/wp-json\/wp\/v2\/posts\/100043\/revisions"}],"predecessor-version":[{"id":100045,"href":"https:\/\/tvc16.com\/portal\/wp-json\/wp\/v2\/posts\/100043\/revisions\/100045"}],"wp:featuredmedia":[{"embeddable":true,"href":"https:\/\/tvc16.com\/portal\/wp-json\/wp\/v2\/media\/100044"}],"wp:attachment":[{"href":"https:\/\/tvc16.com\/portal\/wp-json\/wp\/v2\/media?parent=100043"}],"wp:term":[{"taxonomy":"category","embeddable":true,"href":"https:\/\/tvc16.com\/portal\/wp-json\/wp\/v2\/categories?post=100043"},{"taxonomy":"post_tag","embeddable":true,"href":"https:\/\/tvc16.com\/portal\/wp-json\/wp\/v2\/tags?post=100043"}],"curies":[{"name":"wp","href":"https:\/\/api.w.org\/{rel}","templated":true}]}}