{"id":100046,"date":"2025-03-02T10:00:31","date_gmt":"2025-03-02T13:00:31","guid":{"rendered":"https:\/\/tvc16.com\/portal\/?p=100046"},"modified":"2025-03-02T10:00:34","modified_gmt":"2025-03-02T13:00:34","slug":"governo-publica-medida-provisoria-que-autoriza-saque-do-fgts","status":"publish","type":"post","link":"https:\/\/tvc16.com\/portal\/2025\/03\/02\/governo-publica-medida-provisoria-que-autoriza-saque-do-fgts\/","title":{"rendered":"Governo publica medida provis\u00f3ria que autoriza saque do FGTS"},"content":{"rendered":"\n<p><em>Medida vale para quem aderiu ao saque-anivers\u00e1rio e foi demitido<\/em><\/p>\n\n\n\n<p>Por Ag\u00eancia Brasil \/ Foto: Jo\u00e9dson Alves\/Ag\u00eancia Brasil<\/p>\n\n\n\n<p><\/p>\n\n\n\n<p>O governo publicou nesta sexta-feira (28), em edi\u00e7\u00e3o extra do Di\u00e1rio Oficial da Uni\u00e3o, a&nbsp;<a href=\"https:\/\/www.in.gov.br\/web\/dou\/-\/medida-provisoria-n-1.290-de-28-de-fevereiro-de-2025-615734004\" target=\"_blank\" rel=\"noreferrer noopener\">Medida Provis\u00f3ria 1.290<\/a>, que&nbsp;<strong>autoriza a movimenta\u00e7\u00e3o da conta vinculada do Fundo de Garantia do Tempo de Servi\u00e7o (FGTS) pelos trabalhadores que aderiram ao saque-anivers\u00e1rio e foram demitidos sem justa causa.&nbsp;<\/strong><img decoding=\"async\" src=\"https:\/\/agenciabrasil.ebc.com.br\/ebc.png?id=1632302&amp;o=node\"><img decoding=\"async\" src=\"https:\/\/agenciabrasil.ebc.com.br\/ebc.gif?id=1632302&amp;o=node\"><\/p>\n\n\n\n<p>De acordo com o governo, a<strong>&nbsp;<a href=\"http:\/\/agenciabrasil.ebc.com.br\/economia\/noticia\/2025-02\/governo-vai-liberar-saldo-do-fgts-quem-optou-por-saque-aniversario\" target=\"_blank\" rel=\"noreferrer noopener\">medida beneficiar\u00e1 12,1 milh\u00f5es de trabalhadores<\/a>&nbsp;dispensados desde janeiro de 2020 at\u00e9 hoje<\/strong>, data da publica\u00e7\u00e3o da MP,&nbsp;e injetar\u00e1 R$ 12 bilh\u00f5es na economia.&nbsp;<\/p>\n\n\n\n<p>De acordo com a medida provis\u00f3ria, assinada pelo presidente Luiz In\u00e1cio Lula da Silva e pelo ministro do Trabalho e Emprego, Luiz Marinho, o pagamento ser\u00e1 feito da seguinte forma:&nbsp;<\/p>\n\n\n\n<h2 class=\"wp-block-heading\">Saque de at\u00e9 R$ 3 mil do saldo dispon\u00edvel:&nbsp;<\/h2>\n\n\n\n<ul class=\"wp-block-list\">\n<li>em 6 de mar\u00e7o, para os trabalhadores com conta banc\u00e1ria previamente cadastrada para recebimento de recursos do FGTS;<\/li>\n\n\n\n<li>conforme calend\u00e1rio a ser divulgado pela Caixa Econ\u00f4mica Federal para os trabalhadores sem conta banc\u00e1ria previamente cadastrada para recebimento de recursos do FGTS;<\/li>\n<\/ul>\n\n\n\n<h2 class=\"wp-block-heading\">Valores remanescentes do saldo dispon\u00edvel:<\/h2>\n\n\n\n<ul class=\"wp-block-list\">\n<li>em 17 de junho para os trabalhadores com conta banc\u00e1ria previamente cadastrada para recebimento de recursos do FGTS<\/li>\n\n\n\n<li>conforme calend\u00e1rio a ser divulgado pela Caixa Econ\u00f4mica Federal para os trabalhadores sem conta previamente cadastrada para recebimento de recursos do FGTS.<\/li>\n<\/ul>\n\n\n\n<p>O&nbsp;<strong>trabalhador demitido desde 2020 que aderiu ao saque-anivers\u00e1rio n\u00e3o ter\u00e1 de sair da modalidade para sacar o saldo retido<\/strong>&nbsp;<strong>no FGTS.<\/strong><\/p>\n\n\n\n<p>A partir de amanh\u00e3 (1\u00ba de mar\u00e7o),&nbsp;aqueles que aderirem ao saque-anivers\u00e1rio e forem demitidos ter\u00e3o seus saldos&nbsp;<a href=\"http:\/\/agenciabrasil.ebc.com.br\/economia\/noticia\/2025-02\/saque-aniversario-futuros-demitidos-continuam-com-fgts-bloqueado\" target=\"_blank\" rel=\"noreferrer noopener\">bloqueados novamente<\/a>, podendo sacar apenas a multa rescis\u00f3ria.<br><\/p>\n","protected":false},"excerpt":{"rendered":"<p>Medida vale para quem aderiu ao saque-anivers\u00e1rio e foi demitido Por Ag\u00eancia Brasil \/ Foto:<\/p>\n","protected":false},"author":2,"featured_media":100047,"comment_status":"open","ping_status":"open","sticky":false,"template":"","format":"standard","meta":{"footnotes":""},"categories":[17],"tags":[],"class_list":["post-100046","post","type-post","status-publish","format-standard","has-post-thumbnail","hentry","category-outras-noticias"],"_links":{"self":[{"href":"https:\/\/tvc16.com\/portal\/wp-json\/wp\/v2\/posts\/100046","targetHints":{"allow":["GET"]}}],"collection":[{"href":"https:\/\/tvc16.com\/portal\/wp-json\/wp\/v2\/posts"}],"about":[{"href":"https:\/\/tvc16.com\/portal\/wp-json\/wp\/v2\/types\/post"}],"author":[{"embeddable":true,"href":"https:\/\/tvc16.com\/portal\/wp-json\/wp\/v2\/users\/2"}],"replies":[{"embeddable":true,"href":"https:\/\/tvc16.com\/portal\/wp-json\/wp\/v2\/comments?post=100046"}],"version-history":[{"count":1,"href":"https:\/\/tvc16.com\/portal\/wp-json\/wp\/v2\/posts\/100046\/revisions"}],"predecessor-version":[{"id":100048,"href":"https:\/\/tvc16.com\/portal\/wp-json\/wp\/v2\/posts\/100046\/revisions\/100048"}],"wp:featuredmedia":[{"embeddable":true,"href":"https:\/\/tvc16.com\/portal\/wp-json\/wp\/v2\/media\/100047"}],"wp:attachment":[{"href":"https:\/\/tvc16.com\/portal\/wp-json\/wp\/v2\/media?parent=100046"}],"wp:term":[{"taxonomy":"category","embeddable":true,"href":"https:\/\/tvc16.com\/portal\/wp-json\/wp\/v2\/categories?post=100046"},{"taxonomy":"post_tag","embeddable":true,"href":"https:\/\/tvc16.com\/portal\/wp-json\/wp\/v2\/tags?post=100046"}],"curies":[{"name":"wp","href":"https:\/\/api.w.org\/{rel}","templated":true}]}}