{"id":100049,"date":"2025-03-02T10:02:57","date_gmt":"2025-03-02T13:02:57","guid":{"rendered":"https:\/\/tvc16.com\/portal\/?p=100049"},"modified":"2025-03-02T10:03:02","modified_gmt":"2025-03-02T13:03:02","slug":"brasil-teve-saldo-positivo-de-71-mil-vagas-ocupadas-por-estrangeiros","status":"publish","type":"post","link":"https:\/\/tvc16.com\/portal\/2025\/03\/02\/brasil-teve-saldo-positivo-de-71-mil-vagas-ocupadas-por-estrangeiros\/","title":{"rendered":"Brasil teve saldo positivo de 71 mil vagas ocupadas por estrangeiros"},"content":{"rendered":"\n<p><em>Dados divulgados pela FecomercioSP s\u00e3o de 2024<\/em><\/p>\n\n\n\n<p>Por Bruno Bocchini &#8211; Rep\u00f3rter da Ag\u00eancia Brasil \/ Foto: Paulo Pinto\/Ag\u00eancia Brasil<\/p>\n\n\n\n<p><\/p>\n\n\n\n<p>O mercado de trabalho formal brasileiro registrou, em 2024, um saldo positivo de 71 mil vagas ocupadas por estrangeiros, segundo levantamento da Federa\u00e7\u00e3o do Com\u00e9rcio de Bens, Servi\u00e7os e Turismo do Estado de S\u00e3o Paulo (FecomercioSP) com base nos dados do Cadastro Geral de Empregados e Desempregados (Caged).<img decoding=\"async\" src=\"https:\/\/agenciabrasil.ebc.com.br\/ebc.png?id=1632300&amp;o=node\"><img decoding=\"async\" src=\"https:\/\/agenciabrasil.ebc.com.br\/ebc.gif?id=1632300&amp;o=node\"><\/p>\n\n\n\n<p><strong>O resultado, que considera os postos celetistas, \u00e9 50,1% maior que o registrado em 2023, quando o saldo foi 47,3 mil vagas ocupadas por estrangeiros no mercado de trabalho brasileiro<\/strong>.<\/p>\n\n\n\n<blockquote class=\"wp-block-quote is-layout-flow wp-block-quote-is-layout-flow\">\n<p>Essa \u00e9 a maior eleva\u00e7\u00e3o, para um \u00fanico ano, desde que o Caged mudou sua metodologia, em 2020. Em 2022, o saldo de novos postos ocupados por estrangeiros no Brasil foi 36 mil; em 2021, 5,3 mil; e em 2020, 24,8 mil.<\/p>\n<\/blockquote>\n\n\n\n<p>Segundo a FecomercioSP, os setores que exerceram maior atra\u00e7\u00e3o aos estrangeiros foram a ind\u00fastria de transforma\u00e7\u00e3o, com saldo de 27,5 mil trabalhadores celetistas; o com\u00e9rcio e repara\u00e7\u00e3o de ve\u00edculos, com 15,2 mil novos postos; servi\u00e7os administrativos e complementares (7,2 mil); servi\u00e7os de alojamento e alimenta\u00e7\u00e3o (5,8 mil); e constru\u00e7\u00e3o civil (4,8 mil). O mercado catarinense foi o que se expandiu com mais for\u00e7a para os estrangeiros, gerando 18,9 mil novas vagas.<\/p>\n\n\n\n<p>Os dados mais recentes sobre a&nbsp;<strong>origem dos estrangeiros presentes no mercado de trabalho brasileiro s\u00e3o de 2023 e indicam que 44,3% da m\u00e3o de obra do exterior era de cidad\u00e3os da Venezuela, seguidos pelos haitianos (15,8%); paraguaios (4,8%); argentinos (4,2%); e cubanos (2,9%)<\/strong>.<\/p>\n\n\n\n<blockquote class=\"wp-block-quote is-layout-flow wp-block-quote-is-layout-flow\">\n<p>\u201cO \u00f3timo momento do mercado de trabalho do Brasil (uma taxa m\u00e9dia de desemprego recorde de apenas 6,6%, de acordo com o IBGE) reflete em v\u00e1rios aspectos, como aumento da massa de sal\u00e1rios e da m\u00e9dia de renda da popula\u00e7\u00e3o e, agora, tamb\u00e9m \u00e9 poss\u00edvel ver como ele tem impacto sobre pa\u00edses da Am\u00e9rica Latina\u201d, destacou a FecomercioSP, em nota.<\/p>\n<\/blockquote>\n\n\n\n<p>Segundo a entidade, o fato de dois ter\u00e7os dessa m\u00e3o de obra ser preenchida por pessoas de pa\u00edses em crise, como a Venezuela e Haiti, mostra que o Brasil pode elaborar pol\u00edticas p\u00fablicas voltadas para a absor\u00e7\u00e3o delas.<\/p>\n\n\n\n<p>\u201cConta muito, por exemplo, a razo\u00e1vel escolaridade desses migrantes, al\u00e9m do fato de serem jovens e de virem ao nosso pa\u00eds em busca de melhores condi\u00e7\u00f5es de vida. N\u00e3o s\u00f3 isso, mas empreg\u00e1-las tamb\u00e9m gera um efeito social relevante, porque proporciona renda, acesso ao sistema de cr\u00e9dito e prote\u00e7\u00e3o institucional, j\u00e1 que o regime celetista garante uma s\u00e9rie de benef\u00edcios ao trabalhador\u201d.<\/p>\n\n\n\n<p>A FecomercioSP refor\u00e7a que, se a tend\u00eancia \u00e9 que esse fen\u00f4meno continue crescendo, o pa\u00eds poderia utiliz\u00e1-lo para melhorar a produ\u00e7\u00e3o nacional e expandir os setores que mais demandam por m\u00e3o de obra.<br><\/p>\n","protected":false},"excerpt":{"rendered":"<p>Dados divulgados pela FecomercioSP s\u00e3o de 2024 Por Bruno Bocchini &#8211; Rep\u00f3rter da Ag\u00eancia Brasil<\/p>\n","protected":false},"author":2,"featured_media":100050,"comment_status":"open","ping_status":"open","sticky":false,"template":"","format":"standard","meta":{"footnotes":""},"categories":[17],"tags":[],"class_list":["post-100049","post","type-post","status-publish","format-standard","has-post-thumbnail","hentry","category-outras-noticias"],"_links":{"self":[{"href":"https:\/\/tvc16.com\/portal\/wp-json\/wp\/v2\/posts\/100049","targetHints":{"allow":["GET"]}}],"collection":[{"href":"https:\/\/tvc16.com\/portal\/wp-json\/wp\/v2\/posts"}],"about":[{"href":"https:\/\/tvc16.com\/portal\/wp-json\/wp\/v2\/types\/post"}],"author":[{"embeddable":true,"href":"https:\/\/tvc16.com\/portal\/wp-json\/wp\/v2\/users\/2"}],"replies":[{"embeddable":true,"href":"https:\/\/tvc16.com\/portal\/wp-json\/wp\/v2\/comments?post=100049"}],"version-history":[{"count":1,"href":"https:\/\/tvc16.com\/portal\/wp-json\/wp\/v2\/posts\/100049\/revisions"}],"predecessor-version":[{"id":100051,"href":"https:\/\/tvc16.com\/portal\/wp-json\/wp\/v2\/posts\/100049\/revisions\/100051"}],"wp:featuredmedia":[{"embeddable":true,"href":"https:\/\/tvc16.com\/portal\/wp-json\/wp\/v2\/media\/100050"}],"wp:attachment":[{"href":"https:\/\/tvc16.com\/portal\/wp-json\/wp\/v2\/media?parent=100049"}],"wp:term":[{"taxonomy":"category","embeddable":true,"href":"https:\/\/tvc16.com\/portal\/wp-json\/wp\/v2\/categories?post=100049"},{"taxonomy":"post_tag","embeddable":true,"href":"https:\/\/tvc16.com\/portal\/wp-json\/wp\/v2\/tags?post=100049"}],"curies":[{"name":"wp","href":"https:\/\/api.w.org\/{rel}","templated":true}]}}