{"id":100055,"date":"2025-03-02T10:13:42","date_gmt":"2025-03-02T13:13:42","guid":{"rendered":"https:\/\/tvc16.com\/portal\/?p=100055"},"modified":"2025-03-02T10:13:44","modified_gmt":"2025-03-02T13:13:44","slug":"ainda-estou-aqui-chega-vencedor-ao-oscar-dizem-estudiosos","status":"publish","type":"post","link":"https:\/\/tvc16.com\/portal\/2025\/03\/02\/ainda-estou-aqui-chega-vencedor-ao-oscar-dizem-estudiosos\/","title":{"rendered":"Ainda Estou Aqui chega &#8220;vencedor&#8221; ao Oscar, dizem estudiosos"},"content":{"rendered":"\n<p><em>Longa brasileiro ganhou 38 pr\u00eamios e teve impacto na mem\u00f3ria do pa\u00eds<\/em><\/p>\n\n\n\n<p>Por Luiz Claudio Ferreira &#8211; Rep\u00f3rter da Ag\u00eancia Brasil \/ Foto: Alile Dara Onawale\/Sony Picutres<\/p>\n\n\n\n<p><\/p>\n\n\n\n<p>Repercuss\u00f5es nacionais e internacionais de diferentes caracter\u00edsticas. P\u00fablicos emocionados e curiosos sobre o que foi a ditadura militar no Brasil&nbsp;(1964 &#8211; 1985). Cinema brasileiro reconhecido ao tratar do impacto do autoritarismo (que ainda hoje amea\u00e7a democracias)&#8230;&nbsp;S\u00e3o variados os motivos que fazem o filme&nbsp;<em>Ainda Estou Aqui<\/em>, de Walter Salles, j\u00e1 chegar vencedor ao Oscar, neste domingo (2), avaliam estudiosos. Mesmo se n\u00e3o vierem estatuetas.<img decoding=\"async\" src=\"https:\/\/agenciabrasil.ebc.com.br\/ebc.png?id=1632454&amp;o=node\"><img decoding=\"async\" src=\"https:\/\/agenciabrasil.ebc.com.br\/ebc.gif?id=1632454&amp;o=node\"><\/p>\n\n\n<div class=\"wp-block-image\">\n<figure class=\"alignleft\"><img decoding=\"async\" src=\"https:\/\/imagens.ebc.com.br\/b3ngF2iihFRQYliz0w_zw9Ypf1g=\/365x0\/smart\/https:\/\/agenciabrasil.ebc.com.br\/sites\/default\/files\/thumbnails\/image\/2025\/01\/23\/snapinst.app_473707889_2636390243229077_2367646350764625355_n_1080.jpg?itok=DgQsbnGc\" alt=\"Bras\u00edlia (DF), 23\/01\/2025 - Atriz do filme Ainda estou aqui, Fernanda Torres. Foto: oficialfernandatorres\/Instagram\" title=\"oficialfernandatorres\/Instagram\"\/><figcaption class=\"wp-element-caption\"><em>Atriz do filme Ainda estou aqui, Fernanda Torres\u00a0&#8211;\u00a0<strong>oficialfernandatorres\/Instagram<\/strong><\/em><\/figcaption><\/figure>\n<\/div>\n\n\n<p><a href=\"https:\/\/agenciabrasil.ebc.com.br\/tags\/ainda-estou-aqui\" target=\"_blank\" rel=\"noreferrer noopener\"><strong>&gt;&gt;Saiba mais sobre as indica\u00e7\u00f5es do filme<\/strong><\/a><\/p>\n\n\n\n<p>Inspirada em livro de 2015&nbsp;com escrita biogr\u00e1fica de mesmo t\u00edtulo, de autoria do escritor Marcelo Rubens Paiva, a obra&nbsp;foi lan\u00e7ada em 2024&nbsp;e levou mais de cinco milh\u00f5es de pessoas ao cinema. Em caso de vit\u00f3ria neste domingo, ser\u00e1 a primeira estatueta para o Brasil. Em 1960, por\u00e9m, o longa brasileiro Orfeu Negro venceu na categoria de melhor filme estrangeiro, mas o filme representava a Fran\u00e7a (do diretor Marcel Camus).<\/p>\n\n\n\n<p><a href=\"https:\/\/agenciabrasil.ebc.com.br\/radioagencia-nacional\/educacao\/audio\/2025-01\/livro-ainda-estou-aqui-sera-distribuido-em-escolas-de-alguns-estados\" target=\"_blank\" rel=\"noreferrer noopener\"><strong>&gt;&gt;Saiba mais sobre o livro&nbsp;<em>Ainda estou aqui<\/em>, que ser\u00e1 distribu\u00eddo em escolas<\/strong><\/a><\/p>\n\n\n\n<p>Marcelo Rubens Paiva \u00e9 um dos cinco filhos da advogada e ativista Eunice Paiva (1929 &#8211; 2018).e do ex-deputado Rubens Paiva (1929 &#8211; 1971), que teve o mandato cassado e depois foi perseguido, raptado, torturado e morto por agentes da ditadura (da Aeron\u00e1utica e do Ex\u00e9rcito).&nbsp;<\/p>\n\n\n\n<p>At\u00e9 agora, o&nbsp;<strong>longa recebeu 38 pr\u00eamios nacionais e internacionais<\/strong>, entre eles, o&nbsp;<a href=\"http:\/\/https\/\/agenciabrasil.ebc.com.br\/cultura\/noticia\/2025-02\/ainda-estou-aqui-vence-premio-goya-de-melhor-filme-ibero-americano\" target=\"_blank\" rel=\"noreferrer noopener\">Pr\u00eamio Goya<\/a>&nbsp;e o&nbsp;<a href=\"https:\/\/agenciabrasil.ebc.com.br\/cultura\/noticia\/2025-01\/fernanda-torres-leva-globo-de-ouro-por-atuacao-em-ainda-estou-aqui\" target=\"_blank\" rel=\"noreferrer noopener\">Globo de Ouro de Melhor Atriz<\/a>. No Oscar, foi indicado em&nbsp;<a href=\"https:\/\/agenciabrasil.ebc.com.br\/cultura\/noticia\/2025-01\/fernanda-torres-e-ainda-estou-aqui-sao-indicados-ao-oscar-2025\" target=\"_blank\" rel=\"noreferrer noopener\">tr\u00eas categorias<\/a>&nbsp;melhor filme, melhor atriz, para Fernando Torres, e melhor filme internacional.<\/p>\n\n\n\n<h2 class=\"wp-block-heading\">Presente<\/h2>\n\n\n\n<p>Em geral, estudiosos ouvidos pela&nbsp;<strong>Ag\u00eancia Brasil<\/strong>&nbsp;explicam que remexer no passado de uma forma diferente, em di\u00e1logo com um presente atribulado,&nbsp;mobiliza cr\u00edtica e o p\u00fablico, o que j\u00e1, de antem\u00e3o, representa vit\u00f3ria.&nbsp;<\/p>\n\n\n\n<p>De acordo com o professor Arthur Autran, da Universidade Federal de S\u00e3o Carlos (UFSCar), e que lidera grupo de pesquisa sobre cinema e audiovisual na Am\u00e9rica Latina, a&nbsp;<strong>repercuss\u00e3o \u00e9 \u201cenorme\u201d em diversos n\u00edveis, independentemente se o longa receber algum Oscar neste domingo.<\/strong><\/p>\n\n\n\n<p><strong>H\u00e1 o que o pesquisador chama de uma \u201crepercuss\u00e3o social\u201d<\/strong>.<\/p>\n\n\n\n<blockquote class=\"wp-block-quote is-layout-flow wp-block-quote-is-layout-flow\">\n<p>\u201cO filme se tornou, de fato, uma esp\u00e9cie de evento. Muitas pessoas se interessaram pelo cinema brasileiro\u201d, explica.<\/p>\n<\/blockquote>\n\n\n<div class=\"wp-block-image\">\n<figure class=\"alignright is-resized\"><img decoding=\"async\" src=\"https:\/\/imagens.ebc.com.br\/I5szvDDRUkqZOLLqaILC_YtKBsc=\/754x0\/smart\/https:\/\/agenciabrasil.ebc.com.br\/sites\/default\/files\/thumbnails\/image\/2025\/03\/01\/_mg_7569.jpg?itok=ndTMJapS\" alt=\"Bras\u00edlia (DF), 01\/03\/2025 - Bloco de carnaval, Vai quem fica, nas ruas de Bras\u00edlia.\nFoto: Jo\u00e9dson Alves\/Ag\u00eancia\u00a0Brasil\" style=\"width:584px;height:auto\" title=\"Jo\u00e9dson Alves\/Ag\u00eancia\u00a0Brasil\"\/><figcaption class=\"wp-element-caption\"><em>Bras\u00edlia (DF), 01\/03\/2025 &#8211; Foli\u00e3 se fantasia de Fernanda Torres ganhando o Oscar no bloco de carnaval, Vai quem fica, nas ruas de Bras\u00edlia.\u00a0&#8211;\u00a0<strong>Jo\u00e9dson Alves\/Ag\u00eancia\u00a0Brasil<\/strong><\/em><\/figcaption><\/figure>\n<\/div>\n\n\n<p>Para ele, isso evidentemente cria um clima bastante positivo e,&nbsp;<strong>mesmo sem utilizar diretamente de recursos p\u00fablicos, \u00e9 uma express\u00e3o da pol\u00edtica p\u00fablica brasileira para o audiovisual.<\/strong><\/p>\n\n\n\n<p>Outra vit\u00f3ria do filme para o pa\u00eds citada pelo professor \u00e9&nbsp;a&nbsp;<strong>valoriza\u00e7\u00e3o da mem\u00f3ria nacional<\/strong>. \u201c(O assassinato de Rubens Paiva) Foi um crime praticado pela ditadura militar brasileira. O filme \u00e9 trazido de uma forma muito emocionante e candente. Houve muita compet\u00eancia em recontar essa trag\u00e9dia brasileira e trazer isso de uma forma narrativamente muito poderosa\u201d, diz Autran.&nbsp;<\/p>\n\n\n\n<p>O filme, em si mesmo, segundo analisa o especialista, ao trazer uma narrativa poderosa, coloca luz sobre o cinema brasileiro.&nbsp;<\/p>\n\n\n\n<h2 class=\"wp-block-heading\">\u201cN\u00f3s temos voz\u201d<\/h2>\n\n\n\n<p>Outra estudiosa, a professora de artes c\u00eanicas Dirce Waltrick do Amarante, da Universidade Federal de Santa Catarina (UFSC), identifica que a visibilidade fora do Brasil significa uma vit\u00f3ria expressiva para a arte brasileira.<\/p>\n\n\n\n<blockquote class=\"wp-block-quote is-layout-flow wp-block-quote-is-layout-flow\">\n<p>\u201cN\u00f3s temos conseguido erguer a nossa voz. \u00c9 uma voz falada em portugu\u00eas, de um pa\u00eds perif\u00e9rico como o Brasil. Uma voz que tem sido ouvida\u201d, explica a pesquisadora.&nbsp;<\/p>\n<\/blockquote>\n\n\n\n<p>O alcance do filme, de acordo com o que Dirce Waltrick&nbsp;entende, tem trazido repercuss\u00e3o \u00e0s produ\u00e7\u00f5es brasileiras na arte. \u201cEsse filme \u00e9 important\u00edssimo em raz\u00e3o dessa tem\u00e1tica e tem muitas chances de vencer no Oscar. De toda forma, eu acho um filme fundamental, uma virada de chave para a nossa cultura\u201d.&nbsp;<\/p>\n\n\n\n<p>Para a professora<strong>, a fun\u00e7\u00e3o da obra de arte \u00e9 de fato mexer e perturbar.<\/strong><\/p>\n\n\n\n<blockquote class=\"wp-block-quote is-layout-flow wp-block-quote-is-layout-flow\">\n<p>\u201cAs pessoas se sentem instigadas a ir atr\u00e1s e a saber mais sobre quem foi Eunice Paiva, que lutou pelo direito dos ind\u00edgenas (o que \u00e9 menos abordado no filme)\u201d.<\/p>\n<\/blockquote>\n\n\n\n<h2 class=\"wp-block-heading\">De olho no presente<\/h2>\n\n\n\n<p>Para o professor de hist\u00f3ria Marco Pestana, da Universidade Federal Fluminense (UFF),&nbsp;pesquisador do tema da ditadura,<strong>&nbsp;o filme tem diferentes m\u00e9ritos, como o de, mesmo tratando de um per\u00edodo obscuro, conseguir dialogar de maneira direta com o presente.&nbsp;<\/strong>\u201c\u00c9 um filme que, nessa conjuntura, tem cumprido um papel importante\u201d.&nbsp;<\/p>\n\n\n\n<p>Em um cen\u00e1rio de expans\u00e3o de correntes autorit\u00e1rias pelo mundo, como ele avalia a ascens\u00e3o do extremismo em pa\u00edses de diferentes continentes, o&nbsp;<strong>longa apresenta-se como uma linguagem universal e que pode ser compreendida al\u00e9m do cen\u00e1rio do passado brasileiro.&nbsp;<\/strong><\/p>\n\n\n\n<p>Segundo considera Pestana, esse avan\u00e7o pol\u00edtico foi conquistado por uma disputa ideol\u00f3gica ferrenha, inclusive com uma ideia reverberada e falsa de que haveria tranquilidade no Brasil e que tinham problemas com a pol\u00edcia e com a justi\u00e7a quem estava fazendo algo de errado. \u201cIsso \u00e9 parte da constru\u00e7\u00e3o ideol\u00f3gica de valoriza\u00e7\u00e3o desse per\u00edodo\u201d, explica.&nbsp;<\/p>\n\n\n\n<p><strong>O professor entende que o filme mostra que aquele per\u00edodo n\u00e3o era exatamente uma era de ouro para o Brasil.&nbsp;<\/strong>\u201cEvidentemente dialoga (e contesta) com esse imagin\u00e1rio que a extrema-direita tenta fomentar\u201d.&nbsp;&nbsp;<\/p>\n\n\n\n<h2 class=\"wp-block-heading\">Direitos<\/h2>\n\n\n\n<p>Naquele cen\u00e1rio da obra, o filme destaca o impacto da a\u00e7\u00e3o repressiva sobre um membro da fam\u00edlia. \u201cE como isso tem consequ\u00eancias para o conjunto daquela fam\u00edlia, n\u00e3o s\u00f3 naquele momento, e como \u00e9 um impacto de longa dura\u00e7\u00e3o. N\u00e3o deixa de mostrar o momento da luta e o em que a fam\u00edlia consegue o atestado de \u00f3bito\u201d, explica.<\/p>\n\n\n\n<p>Sobre o direito da fam\u00edlia, a advogada Ariadne Maranh\u00e3o reconhece que o filme traz visibilidade ao tema da morte presumida.<\/p>\n\n\n\n<blockquote class=\"wp-block-quote is-layout-flow wp-block-quote-is-layout-flow\">\n<p>\u201cO reconhecimento antecipado da morte foi um avan\u00e7o que garantiu n\u00e3o apenas seguran\u00e7a jur\u00eddica, mas um al\u00edvio necess\u00e1rio para que essas fam\u00edlias seguissem com suas vidas dentro do ordenamento&#8221;, explica.<\/p>\n<\/blockquote>\n\n\n\n<p>Ela entende que&nbsp;a repercuss\u00e3o do filme&nbsp;<em>Ainda Estou Aqui<\/em>, no \u00e2mbito do direito de fam\u00edlias e sucess\u00f5es, \u00e9 relevante, j\u00e1 que&nbsp;<strong>evidenciou como o contexto hist\u00f3rico impactou diretamente as estruturas familiares e a autonomia das mulheres.&nbsp;<\/strong><\/p>\n\n\n\n<p>\u201cComo sabemos, por s\u00e9culos, as mulheres foram silenciadas e relegadas ao papel de zeladoras da fam\u00edlia, sem voz, para participar das decis\u00f5es que moldavam suas pr\u00f3prias vidas\u201d. Para a especialista, o filme retrata essa realidade sob a \u00f3tica de Eunice Paiva.<\/p>\n\n\n\n<blockquote class=\"wp-block-quote is-layout-flow wp-block-quote-is-layout-flow\">\n<p>\u201cA arte desempenha um papel fundamental para alertar a sociedade sobre os seus direitos\u201d.&nbsp;<\/p>\n<\/blockquote>\n\n\n\n<h2 class=\"wp-block-heading\">\u201cFura a bolha\u201d<\/h2>\n\n\n\n<p>O professor de hist\u00f3ria Marco Pestana, da UFF, argumenta que o filme consegue ter repercuss\u00e3o at\u00e9 com pessoas que n\u00e3o conheciam ou compreendiam as viol\u00eancias perpetradas pelos agentes da ditadura.&nbsp;Com Oscar ou sem, h\u00e1 uma vit\u00f3ria nesse sentido.&nbsp;<\/p>\n\n\n\n<blockquote class=\"wp-block-quote is-layout-flow wp-block-quote-is-layout-flow\">\n<p>\u201cFurou a bolha. Em alguma medida, isso tem rela\u00e7\u00e3o com a estrat\u00e9gia narrativa de politizar pelo vi\u00e9s do cotidiano, da vida familiar\u201d.<\/p>\n<\/blockquote>\n\n\n\n<p>No entender do professor Arthur Autran, da UFSCar, a esse respeito, houve um esfor\u00e7o do filme&nbsp;de tentar falar para um p\u00fablico o mais amplo poss\u00edvel dentro do Brasil e fora do Brasil tamb\u00e9m. Ainda que, conforme os especialistas, com limita\u00e7\u00f5es a \u201cquem n\u00e3o quer ouvir\u201d. Ele lembrou que Marcelo Rubens Paiva, que \u00e9 cadeirante, foi&nbsp;<a href=\"https:\/\/agenciabrasil.ebc.com.br\/cultura\/noticia\/2025-02\/escritor-marcelo-rubens-paiva-e-agredido-em-desfile-de-bloco-em-sp\" target=\"_blank\" rel=\"noreferrer noopener\">atacado quando estava em um bloco de carnaval.<\/a>&nbsp;<\/p>\n\n\n<div class=\"wp-block-image\">\n<figure class=\"alignleft is-resized\"><img decoding=\"async\" src=\"https:\/\/imagens.ebc.com.br\/THmZp-RDgCh_yO7UE6hksssALdQ=\/754x0\/smart\/https:\/\/agenciabrasil.ebc.com.br\/sites\/default\/files\/thumbnails\/image\/2024\/09\/23\/aindaestouaqui.jpg?itok=szylWfTH\" alt=\"Bras\u00edlia (DF), 23\/09\/2024 - Cena do filme Ainda estou aqui. Foto: Alile Dara Onawale\/Sony Pictures\" style=\"width:576px;height:auto\" title=\"Alile Dara Onawale\/Sony Pictures\"\/><figcaption class=\"wp-element-caption\"><em>Bras\u00edlia (DF), 23\/09\/2024 &#8211; Cena do filme Ainda estou aqui.-\u00a0<strong>Alile Dara Onawale\/Sony Pictures<\/strong><\/em><\/figcaption><\/figure>\n<\/div>\n\n\n<h2 class=\"wp-block-heading\">Justi\u00e7a&nbsp;<\/h2>\n\n\n\n<p>Depois que o filme foi lan\u00e7ado, o Supremo Tribunal Federal (STF) resolveu analisar o processo que estava com tr\u00e2mite parado h\u00e1 uma d\u00e9cada. Agora, a&nbsp;<a href=\"https:\/\/noticias.stf.jus.br\/postsnoticias\/caso-rubens-paiva-sera-analisado-pelo-stf-com-status-de-repercussao-geral\/\" target=\"_blank\" rel=\"noreferrer noopener\">Corte anunciou que vai julgar<\/a>&nbsp;se a Lei da Anistia se aplica aos crimes de sequestro e c\u00e1rcere privado cometidos durante a ditadura militar a partir das investiga\u00e7\u00f5es da morte do ex-deputado Rubens Paiva.<\/p>\n\n\n\n<p>Marco Pestana avalia que a decis\u00e3o tem rela\u00e7\u00e3o com o filme e a conjuntura. \u201cO STF soube ler (o momento) e entendeu que era momento para pautar isso&#8221;.&nbsp;<br><\/p>\n","protected":false},"excerpt":{"rendered":"<p>Longa brasileiro ganhou 38 pr\u00eamios e teve impacto na mem\u00f3ria do pa\u00eds Por Luiz Claudio<\/p>\n","protected":false},"author":2,"featured_media":100056,"comment_status":"open","ping_status":"open","sticky":false,"template":"","format":"standard","meta":{"footnotes":""},"categories":[17],"tags":[],"class_list":["post-100055","post","type-post","status-publish","format-standard","has-post-thumbnail","hentry","category-outras-noticias"],"_links":{"self":[{"href":"https:\/\/tvc16.com\/portal\/wp-json\/wp\/v2\/posts\/100055","targetHints":{"allow":["GET"]}}],"collection":[{"href":"https:\/\/tvc16.com\/portal\/wp-json\/wp\/v2\/posts"}],"about":[{"href":"https:\/\/tvc16.com\/portal\/wp-json\/wp\/v2\/types\/post"}],"author":[{"embeddable":true,"href":"https:\/\/tvc16.com\/portal\/wp-json\/wp\/v2\/users\/2"}],"replies":[{"embeddable":true,"href":"https:\/\/tvc16.com\/portal\/wp-json\/wp\/v2\/comments?post=100055"}],"version-history":[{"count":1,"href":"https:\/\/tvc16.com\/portal\/wp-json\/wp\/v2\/posts\/100055\/revisions"}],"predecessor-version":[{"id":100057,"href":"https:\/\/tvc16.com\/portal\/wp-json\/wp\/v2\/posts\/100055\/revisions\/100057"}],"wp:featuredmedia":[{"embeddable":true,"href":"https:\/\/tvc16.com\/portal\/wp-json\/wp\/v2\/media\/100056"}],"wp:attachment":[{"href":"https:\/\/tvc16.com\/portal\/wp-json\/wp\/v2\/media?parent=100055"}],"wp:term":[{"taxonomy":"category","embeddable":true,"href":"https:\/\/tvc16.com\/portal\/wp-json\/wp\/v2\/categories?post=100055"},{"taxonomy":"post_tag","embeddable":true,"href":"https:\/\/tvc16.com\/portal\/wp-json\/wp\/v2\/tags?post=100055"}],"curies":[{"name":"wp","href":"https:\/\/api.w.org\/{rel}","templated":true}]}}