{"id":100058,"date":"2025-03-02T10:16:12","date_gmt":"2025-03-02T13:16:12","guid":{"rendered":"https:\/\/tvc16.com\/portal\/?p=100058"},"modified":"2025-03-02T10:16:14","modified_gmt":"2025-03-02T13:16:14","slug":"policia-faz-primeira-prisao-por-reconhecimento-facial-no-carnaval","status":"publish","type":"post","link":"https:\/\/tvc16.com\/portal\/2025\/03\/02\/policia-faz-primeira-prisao-por-reconhecimento-facial-no-carnaval\/","title":{"rendered":"Pol\u00edcia faz primeira pris\u00e3o por reconhecimento facial no carnaval"},"content":{"rendered":"\n<p><em>Homem foi preso pr\u00f3ximo ao Samb\u00f3dromo<\/em><\/p>\n\n\n\n<p>Por Mariana Tokarnia \u2013 Rep\u00f3rter da Ag\u00eancia Brasil \/ Foto: Tomaz Silva\/Ag\u00eancia Brasil<\/p>\n\n\n\n<p><\/p>\n\n\n\n<p>O governo do estado do Rio de Janeiro informou, neste s\u00e1bado (1\u00ba), que a pol\u00edcia efetuou a primeira&nbsp;<a href=\"https:\/\/agenciabrasil.ebc.com.br\/geral\/noticia\/2024-02\/policia-do-rio-fara-uso-de-reconhecimento-facial-no-sambodromo\" target=\"_blank\" rel=\"noreferrer noopener\">pris\u00e3o no carnaval com aux\u00edlio do sistema de reconhecimento facial<\/a>. A pris\u00e3o foi feita pr\u00f3ximo ao Samb\u00f3dromo, no centro do Rio, na sexta-feira (28).<img decoding=\"async\" src=\"https:\/\/agenciabrasil.ebc.com.br\/ebc.png?id=1632512&amp;o=node\"><img decoding=\"async\" src=\"https:\/\/agenciabrasil.ebc.com.br\/ebc.gif?id=1632512&amp;o=node\"><\/p>\n\n\n\n<p>Segundo o governo, trata-se de um homem foragido da Justi\u00e7a. Ap\u00f3s o envio do alerta, o&nbsp;<strong>homem foi localizado por policiais militares do Programa Seguran\u00e7a Presente<\/strong>&nbsp;e conduzido para a 6\u00aa Delegacia de Pol\u00edcia (DP), na Cidade Nova, na zona central da cidade e, em seguida, para a 19\u00aa DP, na Tijuca, na zona norte.<\/p>\n\n\n\n<p>Contra ele havia, de acordo com o governo, um&nbsp;<strong>mandado de pris\u00e3o em aberto por homic\u00eddio.<\/strong><\/p>\n\n\n\n<p><strong>\u00c9 a primeira pris\u00e3o auxiliada por c\u00e2meras de reconhecimento facial durante o per\u00edodo de carnaval.<\/strong>&nbsp;O monitoramento est\u00e1 sendo feito na orla da capital fluminense e no Samb\u00f3dromo durante os dias de carnaval.<\/p>\n\n\n\n<p>As imagens captadas s\u00e3o transmitidas em tempo real para o&nbsp;<strong>Centro Integrado de Comando e Controle (CICC)<\/strong>, que fica pr\u00f3ximo ao samb\u00f3dromo.<\/p>\n\n\n\n<p>Desde que o sistema foi implantado, em 2024, de acordo com balan\u00e7o do governo do estado, foram localizados e presos 489 foragidos da Justi\u00e7a.<br><br><\/p>\n","protected":false},"excerpt":{"rendered":"<p>Homem foi preso pr\u00f3ximo ao Samb\u00f3dromo Por Mariana Tokarnia \u2013 Rep\u00f3rter da Ag\u00eancia Brasil \/<\/p>\n","protected":false},"author":2,"featured_media":100059,"comment_status":"open","ping_status":"open","sticky":false,"template":"","format":"standard","meta":{"footnotes":""},"categories":[17],"tags":[],"class_list":["post-100058","post","type-post","status-publish","format-standard","has-post-thumbnail","hentry","category-outras-noticias"],"_links":{"self":[{"href":"https:\/\/tvc16.com\/portal\/wp-json\/wp\/v2\/posts\/100058","targetHints":{"allow":["GET"]}}],"collection":[{"href":"https:\/\/tvc16.com\/portal\/wp-json\/wp\/v2\/posts"}],"about":[{"href":"https:\/\/tvc16.com\/portal\/wp-json\/wp\/v2\/types\/post"}],"author":[{"embeddable":true,"href":"https:\/\/tvc16.com\/portal\/wp-json\/wp\/v2\/users\/2"}],"replies":[{"embeddable":true,"href":"https:\/\/tvc16.com\/portal\/wp-json\/wp\/v2\/comments?post=100058"}],"version-history":[{"count":1,"href":"https:\/\/tvc16.com\/portal\/wp-json\/wp\/v2\/posts\/100058\/revisions"}],"predecessor-version":[{"id":100060,"href":"https:\/\/tvc16.com\/portal\/wp-json\/wp\/v2\/posts\/100058\/revisions\/100060"}],"wp:featuredmedia":[{"embeddable":true,"href":"https:\/\/tvc16.com\/portal\/wp-json\/wp\/v2\/media\/100059"}],"wp:attachment":[{"href":"https:\/\/tvc16.com\/portal\/wp-json\/wp\/v2\/media?parent=100058"}],"wp:term":[{"taxonomy":"category","embeddable":true,"href":"https:\/\/tvc16.com\/portal\/wp-json\/wp\/v2\/categories?post=100058"},{"taxonomy":"post_tag","embeddable":true,"href":"https:\/\/tvc16.com\/portal\/wp-json\/wp\/v2\/tags?post=100058"}],"curies":[{"name":"wp","href":"https:\/\/api.w.org\/{rel}","templated":true}]}}