{"id":100061,"date":"2025-03-04T05:00:00","date_gmt":"2025-03-04T08:00:00","guid":{"rendered":"https:\/\/tvc16.com\/portal\/?p=100061"},"modified":"2025-03-03T08:17:00","modified_gmt":"2025-03-03T11:17:00","slug":"exposicao-todas-as-coisas-e-situacoes-a-mostra-na-casa-de-petropolis-e-prorrogada-ate-9-de-marco","status":"publish","type":"post","link":"https:\/\/tvc16.com\/portal\/2025\/03\/04\/exposicao-todas-as-coisas-e-situacoes-a-mostra-na-casa-de-petropolis-e-prorrogada-ate-9-de-marco\/","title":{"rendered":"Exposi\u00e7\u00e3o &#8220;Todas as coisas e situa\u00e7\u00f5es&#8221;, \u00e0 mostra na Casa de Petr\u00f3polis, \u00e9 prorrogada at\u00e9 9 de mar\u00e7o"},"content":{"rendered":"\n<p><em>Com obras do artista Claudio Partes, exposi\u00e7\u00e3o j\u00e1 recebeu um p\u00fablico de 1.500 pessoas desde que foi inaugurada em novembro de 2024<\/em><\/p>\n\n\n\n<p>A exposi\u00e7\u00e3o &#8220;Todas as Coisas e Situa\u00e7\u00f5es&#8221;, \u00e0 mostra na Casa de Petr\u00f3polis Instituto de Cultura, foi prorrogada e poder\u00e1 ser visitada at\u00e9 o dia 9 de mar\u00e7o. Com obras do artista Claudio Partes, a exposi\u00e7\u00e3o se destaca por unir mem\u00f3rias e afetividade em um ambiente hist\u00f3rico, apresentando obras in\u00e9ditas e instala\u00e7\u00f5es interativas. Desde sua inaugura\u00e7\u00e3o, em novembro de 2024, a mostra j\u00e1 recebeu um p\u00fablico de 1.500 pessoas.<\/p>\n\n\n\n<p>Explorando a rela\u00e7\u00e3o entre materialidade e imaterialidade, a mostra, com curadoria de Josiana Oliveiras e produzida pela Abstrata Produ\u00e7\u00f5es, re\u00fane trabalhos que refletem sobre a mem\u00f3ria associada ao ambiente dom\u00e9stico, oferecendo ao p\u00fablico uma experi\u00eancia \u00fanica de arte contempor\u00e2nea. Entre os destaques est\u00e3o as s\u00e9ries &#8220;Arqueologia Contempor\u00e2nea&#8221; (2016), &#8220;Mem\u00f3ria &amp; Ilus\u00e3o da Casa&#8221; (2023), e &#8220;Colagens&#8221; (2024), esta \u00faltima in\u00e9dita.<\/p>\n\n\n\n<p>Al\u00e9m das s\u00e9ries j\u00e1 consagradas, Claudio Partes desenvolveu especialmente para o evento dois trabalhos que interagem diretamente com o espa\u00e7o da Casa de Petr\u00f3polis: um &#8220;work in progress&#8221; que revela fragmentos pict\u00f3ricos atrav\u00e9s da t\u00e9cnica de restauro arquitet\u00f4nico e a instala\u00e7\u00e3o &#8220;A Linha, o Jardim e a Casa&#8221;, no gramado frontal, que convida o p\u00fablico a interagir e refletir sobre a conex\u00e3o entre os espa\u00e7os interno e externo.<\/p>\n\n\n\n<p>A Casa de Petr\u00f3polis fica na Rua Ipiranga, n\u00ba 716, no Centro Hist\u00f3rico de Petr\u00f3polis. As visita\u00e7\u00f5es ocorrem de sexta a domingo, das 10h \u00e0s 16h. Os ingressos custam R$ 20 (inteira) e R$ 10 (meia). Agendamentos de grupos e mais informa\u00e7\u00f5es devem ser feitos pelo e-mail:&nbsp;<a href=\"mailto:educativo7erros@gmail.com\" target=\"_blank\" rel=\"noreferrer noopener\">educativo7erros@gmail.com<\/a>.&nbsp;<\/p>\n\n\n\n<p><strong>Servi\u00e7o:<\/strong><br>Exposi\u00e7\u00e3o Todas as coisas e situa\u00e7\u00f5es, de Claudio Partes&nbsp;Local: Casa de Petr\u00f3polis Instituto de Cultura&nbsp;Endere\u00e7o: Rua Ipiranga, n\u00ba 716, Centro Hist\u00f3rico &#8211; Petr\u00f3polis &#8211; RJ&nbsp;Hor\u00e1rio de funcionamento: de sexta a domingo, das 10h \u00e0s 16h<\/p>\n","protected":false},"excerpt":{"rendered":"<p>Com obras do artista Claudio Partes, exposi\u00e7\u00e3o j\u00e1 recebeu um p\u00fablico de 1.500 pessoas desde<\/p>\n","protected":false},"author":2,"featured_media":100062,"comment_status":"open","ping_status":"open","sticky":false,"template":"","format":"standard","meta":{"footnotes":""},"categories":[12],"tags":[],"class_list":["post-100061","post","type-post","status-publish","format-standard","has-post-thumbnail","hentry","category-cidade"],"_links":{"self":[{"href":"https:\/\/tvc16.com\/portal\/wp-json\/wp\/v2\/posts\/100061","targetHints":{"allow":["GET"]}}],"collection":[{"href":"https:\/\/tvc16.com\/portal\/wp-json\/wp\/v2\/posts"}],"about":[{"href":"https:\/\/tvc16.com\/portal\/wp-json\/wp\/v2\/types\/post"}],"author":[{"embeddable":true,"href":"https:\/\/tvc16.com\/portal\/wp-json\/wp\/v2\/users\/2"}],"replies":[{"embeddable":true,"href":"https:\/\/tvc16.com\/portal\/wp-json\/wp\/v2\/comments?post=100061"}],"version-history":[{"count":1,"href":"https:\/\/tvc16.com\/portal\/wp-json\/wp\/v2\/posts\/100061\/revisions"}],"predecessor-version":[{"id":100063,"href":"https:\/\/tvc16.com\/portal\/wp-json\/wp\/v2\/posts\/100061\/revisions\/100063"}],"wp:featuredmedia":[{"embeddable":true,"href":"https:\/\/tvc16.com\/portal\/wp-json\/wp\/v2\/media\/100062"}],"wp:attachment":[{"href":"https:\/\/tvc16.com\/portal\/wp-json\/wp\/v2\/media?parent=100061"}],"wp:term":[{"taxonomy":"category","embeddable":true,"href":"https:\/\/tvc16.com\/portal\/wp-json\/wp\/v2\/categories?post=100061"},{"taxonomy":"post_tag","embeddable":true,"href":"https:\/\/tvc16.com\/portal\/wp-json\/wp\/v2\/tags?post=100061"}],"curies":[{"name":"wp","href":"https:\/\/api.w.org\/{rel}","templated":true}]}}