{"id":10007,"date":"2021-01-29T23:37:45","date_gmt":"2021-01-30T02:37:45","guid":{"rendered":"https:\/\/tvc16.com\/portal\/?p=10007"},"modified":"2021-01-29T23:37:47","modified_gmt":"2021-01-30T02:37:47","slug":"etapa-final-do-iv-concurso-de-cafes-especiais-do-estado-do-rio-de-janeiro-sera-realizada-virtualmente-neste-sabado-no-canal-do-youtube-da-associacao-dos-cafeicultores","status":"publish","type":"post","link":"https:\/\/tvc16.com\/portal\/2021\/01\/29\/etapa-final-do-iv-concurso-de-cafes-especiais-do-estado-do-rio-de-janeiro-sera-realizada-virtualmente-neste-sabado-no-canal-do-youtube-da-associacao-dos-cafeicultores\/","title":{"rendered":"Etapa final do IV Concurso de Caf\u00e9s Especiais do Estado do Rio de Janeiro ser\u00e1 realizada virtualmente, neste s\u00e1bado no canal do YouTube da Associa\u00e7\u00e3o dos Cafeicultores"},"content":{"rendered":"\n<p>A disputa tem o apoio das secretarias estaduais de Desenvolvimento Econ\u00f4mico, Energia e Rela\u00e7\u00f5es Internacionais e de Agricultura, Pecu\u00e1ria, Pesca e Abastecimento, al\u00e9m do Sebrae-RJ e da Emater. Ap\u00f3s receber inscri\u00e7\u00f5es de 48 produtores, ser\u00e3o anunciados os quatro primeiros colocados das categorias Natural e Via \u00damida.<br>Os finalistas receber\u00e3o uma medalha virtual e um diploma. J\u00e1 os vencedores receber\u00e3o tamb\u00e9m um certificado de classifica\u00e7\u00e3o com sua coloca\u00e7\u00e3o na competi\u00e7\u00e3o, que poder\u00e1 ser usado pelos produtores para gerar valor ao seu produto. <\/p>\n\n\n\n<p>O resultado da competi\u00e7\u00e3o ser\u00e1 anunciado pelo Q-grader (provador da qualidade de caf\u00e9s) Jo\u00e3o Batista Pavesi Sim\u00e3o, da empresa de tecnologia em cafeicultura Capara\u00f3 Jr. Logo depois, por uma plataforma digital, haver\u00e1 o leil\u00e3o virtual da produ\u00e7\u00e3o dos quatros vencedores das duas categorias, com a participa\u00e7\u00e3o de compradores do Rio, S\u00e3o Paulo, Minas Gerais e Paran\u00e1.<br>Os produtores, com o apoio da Rota de Desenvolvimento de Caf\u00e9s Especiais Polo Regi\u00e3o Serrana e Noroeste, est\u00e3o buscando a classifica\u00e7\u00e3o de indica\u00e7\u00e3o geogr\u00e1fica da produ\u00e7\u00e3o local. Com a implanta\u00e7\u00e3o da indica\u00e7\u00e3o geogr\u00e1fica, \u00e9 esperado um impacto de R$ 6 milh\u00f5es adicionais no faturamento anual dos cafeicultores, que hoje \u00e9 de R$ 75,8 milh\u00f5es. O setor gera ocupa\u00e7\u00e3o para 13 mil pessoas, sendo a maioria no Noroeste (93%), 6% na Regi\u00e3o Serrana e 1% no M\u00e9dio Para\u00edba<\/p>\n","protected":false},"excerpt":{"rendered":"<p>A disputa tem o apoio das secretarias estaduais de Desenvolvimento Econ\u00f4mico, Energia e Rela\u00e7\u00f5es Internacionais<\/p>\n","protected":false},"author":2,"featured_media":0,"comment_status":"open","ping_status":"open","sticky":false,"template":"","format":"standard","meta":{"footnotes":""},"categories":[17],"tags":[],"class_list":["post-10007","post","type-post","status-publish","format-standard","hentry","category-outras-noticias"],"_links":{"self":[{"href":"https:\/\/tvc16.com\/portal\/wp-json\/wp\/v2\/posts\/10007","targetHints":{"allow":["GET"]}}],"collection":[{"href":"https:\/\/tvc16.com\/portal\/wp-json\/wp\/v2\/posts"}],"about":[{"href":"https:\/\/tvc16.com\/portal\/wp-json\/wp\/v2\/types\/post"}],"author":[{"embeddable":true,"href":"https:\/\/tvc16.com\/portal\/wp-json\/wp\/v2\/users\/2"}],"replies":[{"embeddable":true,"href":"https:\/\/tvc16.com\/portal\/wp-json\/wp\/v2\/comments?post=10007"}],"version-history":[{"count":1,"href":"https:\/\/tvc16.com\/portal\/wp-json\/wp\/v2\/posts\/10007\/revisions"}],"predecessor-version":[{"id":10009,"href":"https:\/\/tvc16.com\/portal\/wp-json\/wp\/v2\/posts\/10007\/revisions\/10009"}],"wp:attachment":[{"href":"https:\/\/tvc16.com\/portal\/wp-json\/wp\/v2\/media?parent=10007"}],"wp:term":[{"taxonomy":"category","embeddable":true,"href":"https:\/\/tvc16.com\/portal\/wp-json\/wp\/v2\/categories?post=10007"},{"taxonomy":"post_tag","embeddable":true,"href":"https:\/\/tvc16.com\/portal\/wp-json\/wp\/v2\/tags?post=10007"}],"curies":[{"name":"wp","href":"https:\/\/api.w.org\/{rel}","templated":true}]}}