{"id":100101,"date":"2025-03-04T06:00:00","date_gmt":"2025-03-04T09:00:00","guid":{"rendered":"https:\/\/tvc16.com\/portal\/?p=100101"},"modified":"2025-03-03T11:09:21","modified_gmt":"2025-03-03T14:09:21","slug":"unifasefmp-promove-discussao-sobre-inteligencia-artificial-etica","status":"publish","type":"post","link":"https:\/\/tvc16.com\/portal\/2025\/03\/04\/unifasefmp-promove-discussao-sobre-inteligencia-artificial-etica\/","title":{"rendered":"UNIFASE|FMP promove discuss\u00e3o sobre Intelig\u00eancia Artificial \u00c9tica"},"content":{"rendered":"\n<p>Realidade no dia a dia da sociedade, o uso \u00e9tico da Intelig\u00eancia Artificial exige muita reflex\u00e3o. Com o objetivo de discutir sobre os impactos da tecnologia para o futuro da Educa\u00e7\u00e3o e da sociedade, a professora do Instituto de Computa\u00e7\u00e3o da UFF e fundadora do N\u00facleo de Refer\u00eancia em Intelig\u00eancia Artificial \u00c9tica e Confi\u00e1vel, Profa. Dra. Mariza Ferro, e o professor da PUC\/RJ e Co-coordenador do mesmo N\u00facleo, Prof. Gilberto Martins de Almeida, apresentaram um panorama sobre o tema no Centro Universit\u00e1rio Arthur S\u00e1 Earp Neto | Faculdade de Medicina de Petr\u00f3polis (UNIFASE|FMP).<\/p>\n\n\n\n<p>\u201cA intelig\u00eancia artificial pode ser usada para o bem ou para o mal, por isso, \u00e9 importante ampliarmos a consci\u00eancia e estarmos antenados com o mundo atual\u201d, ressaltou a reitora Maria Isabel de S\u00e1 Earp de Resende Chaves, agradecendo a presen\u00e7a de ex-alunos, autoridades, professores e dos alunos do 12\u00ba per\u00edodo de Medicina.<\/p>\n\n\n\n<p>Durante o encontro, a professora Mariza Ferro ressaltou que a tecnologia impacta diferentes \u00e1reas da sociedade: \u201cPrecisamos desenvolver o uso da IA para que seja direcionada para o bem do ser humano e do planeta, preservando nossos valores. J\u00e1 vemos como impacto negativo o est\u00edmulo ao preconceito, a influ\u00eancia sobre as elei\u00e7\u00f5es, a incita\u00e7\u00e3o ao \u00f3dio e \u00e0 polariza\u00e7\u00e3o social\u201d, destacou a pesquisadora citando como princ\u00edpios importantes o conceito de justi\u00e7a, equidade, n\u00e3o discrimina\u00e7\u00e3o, transpar\u00eancia, explicabilidade, robustez t\u00e9cnica, seguran\u00e7a, privacidade e prote\u00e7\u00e3o de dados, e responsabilidade e presta\u00e7\u00e3o de contas.<\/p>\n\n\n\n<p>\u201cO uso da IA precisa de um m\u00ednimo de regula\u00e7\u00e3o para que se torne moral e a ONU tem trabalhado para regulamentar a tecnologia globalmente\u201d, afirmou o Prof. Gilberto Martins, sugerindo que o momento atual requer conhecimento de melhores pr\u00e1ticas nacionais e internacionais, al\u00e9m de muita pondera\u00e7\u00e3o e equil\u00edbrio.<\/p>\n\n\n\n<p>Ferro lembra que a IA existe desde 1956, mas atualmente, por meio do aprendizado de m\u00e1quinas e a entrada ostensiva na rotina da sociedade trouxe novos desafios. \u201cA tecnologia foi criada por humanos e, por este motivo, n\u00e3o \u00e9 neutra e n\u00e3o possui ag\u00eancia moral. Os desafios s\u00e3o mais positivos do que negativos, como a inclus\u00e3o e a solu\u00e7\u00e3o de problemas complexos da sociedade. Precisamos conhecer a tecnologia para desenvolver o pensamento cr\u00edtico sobre como utilizar com \u00e9tica\u201d, afirmou a pesquisadora, sugerindo por exemplo que dados sens\u00edveis n\u00e3o sejam compartilhados com nenhuma ferramenta de intelig\u00eancia artificial, j\u00e1 que n\u00e3o h\u00e1 garantia de seguran\u00e7a de dados.<\/p>\n\n\n\n<p>Martins tamb\u00e9m enumerou algumas precau\u00e7\u00f5es que podem ser adotadas para se manter a \u00e9tica no uso da IA:<\/p>\n\n\n\n<p>*Evidenciar com transpar\u00eancia que a ferramenta de IA foi utilizada;<br>*Checar se a ferramenta oferece rastreabilidade do que \u00e9 inclu\u00eddo no dataset;<br>*Dar prioridade a alimenta\u00e7\u00e3o do sistema com dados independentes;<br>*Avaliar respostas geradas levando em considera\u00e7\u00e3o o que foi solicitado;<br>*Manter uma pol\u00edtica institucional clara e suficientemente divulgada e esclarecida.<\/p>\n","protected":false},"excerpt":{"rendered":"<p>Realidade no dia a dia da sociedade, o uso \u00e9tico da Intelig\u00eancia Artificial exige muita<\/p>\n","protected":false},"author":2,"featured_media":100102,"comment_status":"open","ping_status":"open","sticky":false,"template":"","format":"standard","meta":{"footnotes":""},"categories":[12],"tags":[],"class_list":["post-100101","post","type-post","status-publish","format-standard","has-post-thumbnail","hentry","category-cidade"],"_links":{"self":[{"href":"https:\/\/tvc16.com\/portal\/wp-json\/wp\/v2\/posts\/100101","targetHints":{"allow":["GET"]}}],"collection":[{"href":"https:\/\/tvc16.com\/portal\/wp-json\/wp\/v2\/posts"}],"about":[{"href":"https:\/\/tvc16.com\/portal\/wp-json\/wp\/v2\/types\/post"}],"author":[{"embeddable":true,"href":"https:\/\/tvc16.com\/portal\/wp-json\/wp\/v2\/users\/2"}],"replies":[{"embeddable":true,"href":"https:\/\/tvc16.com\/portal\/wp-json\/wp\/v2\/comments?post=100101"}],"version-history":[{"count":1,"href":"https:\/\/tvc16.com\/portal\/wp-json\/wp\/v2\/posts\/100101\/revisions"}],"predecessor-version":[{"id":100103,"href":"https:\/\/tvc16.com\/portal\/wp-json\/wp\/v2\/posts\/100101\/revisions\/100103"}],"wp:featuredmedia":[{"embeddable":true,"href":"https:\/\/tvc16.com\/portal\/wp-json\/wp\/v2\/media\/100102"}],"wp:attachment":[{"href":"https:\/\/tvc16.com\/portal\/wp-json\/wp\/v2\/media?parent=100101"}],"wp:term":[{"taxonomy":"category","embeddable":true,"href":"https:\/\/tvc16.com\/portal\/wp-json\/wp\/v2\/categories?post=100101"},{"taxonomy":"post_tag","embeddable":true,"href":"https:\/\/tvc16.com\/portal\/wp-json\/wp\/v2\/tags?post=100101"}],"curies":[{"name":"wp","href":"https:\/\/api.w.org\/{rel}","templated":true}]}}