{"id":100108,"date":"2025-03-04T11:23:07","date_gmt":"2025-03-04T14:23:07","guid":{"rendered":"https:\/\/tvc16.com\/portal\/?p=100108"},"modified":"2025-03-04T11:23:08","modified_gmt":"2025-03-04T14:23:08","slug":"neguinho-da-beija-flor-faz-seu-ultimo-desfile-disputando-titulo","status":"publish","type":"post","link":"https:\/\/tvc16.com\/portal\/2025\/03\/04\/neguinho-da-beija-flor-faz-seu-ultimo-desfile-disputando-titulo\/","title":{"rendered":"Neguinho da Beija-Flor faz seu \u00faltimo desfile disputando t\u00edtulo"},"content":{"rendered":"\n<p>Exatamente \u00e0s 23h47 desta segunda-feira (3), segunda noite de desfiles do Grupo Especial do carnaval carioca, o p\u00fablico do samb\u00f3dromo da Marqu\u00eas de Sapuca\u00ed ouviu o tradicional: \u201cOlha a Beija-Flor a\u00ed, gente! Chora cavaco\u201d.<img decoding=\"async\" src=\"https:\/\/agenciabrasil.ebc.com.br\/ebc.png?id=1633031&amp;o=node\"><img decoding=\"async\" src=\"https:\/\/agenciabrasil.ebc.com.br\/ebc.gif?id=1633031&amp;o=node\"><\/p>\n\n\n\n<p>O grito de guerra de Neguinho da Beija-Flor, int\u00e9rprete da escola de samba de Nil\u00f3polis, na regi\u00e3o metropolitana do Rio, marcava o \u00faltimo desfile oficial dele em disputa por um t\u00edtulo para a agremia\u00e7\u00e3o da qual foi a voz dos sambas-enredos por 50 anos.<\/p>\n\n\n\n<p>Em 20 de novembro de 2024,&nbsp;<a href=\"https:\/\/agenciabrasil.ebc.com.br\/cultura\/noticia\/2024-11\/apos-50-anos-neguinho-da-beija-flor-anuncia-ultimo-desfile-em-2025\" target=\"_blank\" rel=\"noreferrer noopener\">ele anunciou que 2025 seria o \u00faltimo<\/a>&nbsp;carnaval: &#8220;muito obrigado por esse carinho maravilhoso. Eu n\u00e3o vou falar mais para n\u00e3o me emocionar, se n\u00e3o, n\u00e3o consigo cantar. S\u00f3 posso dizer muito obrigado!&#8221;, declarou pelo alto falante antes de come\u00e7ar o desfile e ser ovacionado pela plateia.<\/p>\n\n\n\n<p>Mas o int\u00e9rprete, que esteve presente em todos os 14 t\u00edtulos da azul e branca, deixou claro que, se depender dele, esse \u00e9 o \u00faltimo carnaval, mas n\u00e3o o \u00faltimo desfile.<\/p>\n\n\n\n<p>\u201cVai ser no s\u00e1bado das campe\u00e3s\u201d, desejou, referindo-se \u00e0 noite do pr\u00f3ximo s\u00e1bado (8), quando as seis escolas mais bem colocadas voltam \u00e0 Marqu\u00eas de Sapuca\u00ed para celebrar o resultado.<\/p>\n\n\n\n<h2 class=\"wp-block-heading\">Desfile<\/h2>\n\n\n\n<p>A Beija-Flor foi a segunda escola a desfilar e apresentou ao p\u00fablico o&nbsp;<a href=\"https:\/\/agenciabrasil.ebc.com.br\/geral\/noticia\/2025-02\/beija-flor-vai-homenagear-laila-mestre-dos-carnavais\" target=\"_blank\" rel=\"noreferrer noopener\">enredo&nbsp;<em>La\u00edla de Todos os Santos, La\u00edla de Todos os Sambas<\/em><\/a>, uma homenagem ao diretor de carnaval que figura entre as maiores personalidades da agremia\u00e7\u00e3o e do carnaval carioca.<\/p>\n\n\n\n<p>Ao fim do desfile de 77 minutos, Neguinho fez quest\u00e3o de colocar o p\u00fablico do carnaval como o grande protagonista da festa.<\/p>\n\n\n\n<p>\u201cEu costumo dizer que a grande estrela da Mangueira, da Portela, do Salgueiro, do Imp\u00e9rio, do Vasco, do Flamengo \u00e9 o p\u00fablico, \u00e9 a comunidade que os prestigia. A grande estrela da festa\u201d, disse a jornalistas.<\/p>\n\n\n\n<p>Perguntado sobre como ser\u00e1 passar um carnaval sem ser a voz da Beija-Flor, disse que ainda n\u00e3o sabe a resposta.&nbsp;<\/p>\n\n\n\n<blockquote class=\"wp-block-quote is-layout-flow wp-block-quote-is-layout-flow\">\n<p>\u201cVamos esperar 2026. Vamos esperar o pr\u00f3ximo carnaval para ver\u201d.<\/p>\n\n\n\n<h2 class=\"wp-block-heading\">Hist\u00f3ria<\/h2>\n\n\n\n<p>O int\u00e9rprete de 75 anos entrou na escola em 11 de junho de 1975, quando ingressou na ala de compositores.<\/p>\n\n\n\n<p><strong>A identifica\u00e7\u00e3o com a Beija-Flor foi t\u00e3o profunda que chegou ao ponto de ele ter alterado o nome na carteira de identidade para Luiz Antonio Feliciano Neguinho da Beija-Flor Marcondes.<\/strong><\/p>\n\n\n\n<p>Na hist\u00f3ria de tantos t\u00edtulos h\u00e1 espa\u00e7o para outros momentos marcantes, como o carnaval de 2009. Neguinho fazia tratamento contra um c\u00e2ncer, recebeu apoio da escola e da comunidade e, no dia do desfile, momentos antes de soltar o grito de guerra, casou-se em plena Passarela do Samba.<\/p>\n\n\n\n<h2 class=\"wp-block-heading\">Despedida<\/h2>\n\n\n\n<p>A porta-bandeira Selminha Sorriso, que ocupa o posto h\u00e1 29 anos, disse que tentou convencer o int\u00e9rprete a n\u00e3o se aposentar.<\/p>\n\n\n\n<blockquote class=\"wp-block-quote is-layout-flow wp-block-quote-is-layout-flow\">\n<p>\u201cEu prefiro n\u00e3o acreditar. O meu cora\u00e7\u00e3o ainda n\u00e3o aceita. O Neguinho \u00e9 Neguinho da Beija-Flor para sempre. Nunca ter\u00e1 outro\u201d, disse.<\/p>\n<\/blockquote>\n\n\n\n<p>Ela brincou que tentou convenc\u00ea-lo a continuar cantando na escola. \u201cTentei, gente, infelizmente n\u00e3o consegui\u201d.<\/p>\n\n\n\n<p>Perguntado pela&nbsp;<strong>Ag\u00eancia Brasil<\/strong>&nbsp;sobre o pedido de Selminha, o int\u00e9rprete apenas brincou: \u201cSelminha \u00e9 minha irm\u00e3, ela torce muito por mim\u201d, antes de ser novamente ovacionado pelo p\u00fablico e cercado por pedidos de fotografias na \u00e1rea de dispers\u00e3o.<\/p>\n<\/blockquote>\n\n\n\n<p>Bruno de Freitas Moura \u2013 Rep\u00f3rter da Ag\u00eancia Brasil<br>Foto: \u00a9 Tomaz Silva\/Ag\u00eancia Brasil<br><\/p>\n","protected":false},"excerpt":{"rendered":"<p>Exatamente \u00e0s 23h47 desta segunda-feira (3), segunda noite de desfiles do Grupo Especial do carnaval<\/p>\n","protected":false},"author":2,"featured_media":100109,"comment_status":"open","ping_status":"open","sticky":false,"template":"","format":"standard","meta":{"footnotes":""},"categories":[17],"tags":[],"class_list":["post-100108","post","type-post","status-publish","format-standard","has-post-thumbnail","hentry","category-outras-noticias"],"_links":{"self":[{"href":"https:\/\/tvc16.com\/portal\/wp-json\/wp\/v2\/posts\/100108","targetHints":{"allow":["GET"]}}],"collection":[{"href":"https:\/\/tvc16.com\/portal\/wp-json\/wp\/v2\/posts"}],"about":[{"href":"https:\/\/tvc16.com\/portal\/wp-json\/wp\/v2\/types\/post"}],"author":[{"embeddable":true,"href":"https:\/\/tvc16.com\/portal\/wp-json\/wp\/v2\/users\/2"}],"replies":[{"embeddable":true,"href":"https:\/\/tvc16.com\/portal\/wp-json\/wp\/v2\/comments?post=100108"}],"version-history":[{"count":1,"href":"https:\/\/tvc16.com\/portal\/wp-json\/wp\/v2\/posts\/100108\/revisions"}],"predecessor-version":[{"id":100110,"href":"https:\/\/tvc16.com\/portal\/wp-json\/wp\/v2\/posts\/100108\/revisions\/100110"}],"wp:featuredmedia":[{"embeddable":true,"href":"https:\/\/tvc16.com\/portal\/wp-json\/wp\/v2\/media\/100109"}],"wp:attachment":[{"href":"https:\/\/tvc16.com\/portal\/wp-json\/wp\/v2\/media?parent=100108"}],"wp:term":[{"taxonomy":"category","embeddable":true,"href":"https:\/\/tvc16.com\/portal\/wp-json\/wp\/v2\/categories?post=100108"},{"taxonomy":"post_tag","embeddable":true,"href":"https:\/\/tvc16.com\/portal\/wp-json\/wp\/v2\/tags?post=100108"}],"curies":[{"name":"wp","href":"https:\/\/api.w.org\/{rel}","templated":true}]}}