{"id":100111,"date":"2025-03-04T11:26:18","date_gmt":"2025-03-04T14:26:18","guid":{"rendered":"https:\/\/tvc16.com\/portal\/?p=100111"},"modified":"2025-03-04T11:26:20","modified_gmt":"2025-03-04T14:26:20","slug":"calor-extremo-no-trabalho-afeta-saude-a-curto-e-longo-prazo","status":"publish","type":"post","link":"https:\/\/tvc16.com\/portal\/2025\/03\/04\/calor-extremo-no-trabalho-afeta-saude-a-curto-e-longo-prazo\/","title":{"rendered":"Calor extremo no trabalho afeta sa\u00fade a curto e longo prazo"},"content":{"rendered":"\n<p><strong>Hidrata\u00e7\u00e3o constante e toalha \u00famida por perto, recomenda a pesquisadora Tatiane Cristina Moraes de Sousa para enfrentar o calor intenso.<\/strong>&nbsp;Professora do Departamento de Epidemiologia do Instituto de Medicina Social da Universidade do Estado do Rio de Janeiro (Uerj), alerta para os impactos a curto e longo prazo na sa\u00fade humana em raz\u00e3o da alta das temperaturas registradas na cidade do Rio de Janeiro.<img decoding=\"async\" src=\"https:\/\/agenciabrasil.ebc.com.br\/ebc.png?id=1632111&amp;o=node\"><img decoding=\"async\" src=\"https:\/\/agenciabrasil.ebc.com.br\/ebc.gif?id=1632111&amp;o=node\"><\/p>\n\n\n\n<p>Somente nos dois primeiros meses do ano,&nbsp;<a href=\"https:\/\/agenciabrasil.ebc.com.br\/geral\/noticia\/2025-02\/calor-levou-mais-de-5-mil-pessoas-buscar-atendimento-no-rio-em-2025\" target=\"_blank\" rel=\"noreferrer noopener\">mais de 5 mil pessoas&nbsp;j\u00e1 procuraram atendimento m\u00e9dico<\/a>&nbsp;em unidades do Sistema \u00danico de Sa\u00fade (SUS) em raz\u00e3o do calor excessivo, conforme dados da Secretaria Municipal de Sa\u00fade (SMS-RJ).<\/p>\n\n\n\n<blockquote class=\"wp-block-quote is-layout-flow wp-block-quote-is-layout-flow\">\n<p>\u201cQuando falamos dos impactos, temos que pensar primeiro na exposi\u00e7\u00e3o, que \u00e9 como aquela pessoa est\u00e1 exposta, por quantas horas, se est\u00e1 dentro de um ambiente ou n\u00e3o, se est\u00e1 a c\u00e9u aberto, trabalhando\u201d, avalia a professora.<\/p>\n<\/blockquote>\n\n\n\n<p>Como efeitos imediatos da exposi\u00e7\u00e3o ao calor, a pesquisadora cita sinais de exaust\u00e3o e insola\u00e7\u00e3o, que, em casos mais graves ou quando n\u00e3o h\u00e1 tratamento adequado, podem provocar complica\u00e7\u00f5es em \u00f3rg\u00e3os vitais.<\/p>\n\n\n\n<p>\u201cA pessoa pode ter desmaios, n\u00e1useas, diferentes sinais e sintomas que mostram que ela est\u00e1 se encaminhando para uma insola\u00e7\u00e3o. O risco final, que pode acontecer de imediato dependendo das condi\u00e7\u00f5es, \u00e9 a pessoa vir a \u00f3bito\u201d, comenta, relembrando o caso da universit\u00e1ria Ana Clara Benevides Machado, que morreu devido \u00e0 exaust\u00e3o causada pelo calor durante um&nbsp;<em>show&nbsp;<\/em>da cantora Taylor Swift no Rio de Janeiro em 2023.<\/p>\n\n\n\n<p>Al\u00e9m dos efeitos diretos da exposi\u00e7\u00e3o ao sol, principalmente em dias de temperatura e sensa\u00e7\u00e3o t\u00e9rmica elevadas, Sousa aponta para os efeitos a longo prazo. \u00c0&nbsp;<strong>Ag\u00eancia Brasil<\/strong>, a professora explica que a exposi\u00e7\u00e3o ao calor intenso faz com que se exija mais esfor\u00e7o do organismo para se regular. \u201cNosso sistema cardiovascular e nosso sistema renal est\u00e3o se esfor\u00e7ando mais para o nosso corpo voltar \u00e0 temperatura em que o organismo funciona melhor, em torno de 37\u00ba<em>C<\/em>, ent\u00e3o, se expormos o nosso corpo a esse esfor\u00e7o por um longo per\u00edodo, tamb\u00e9m aumentamos a chance de aparecerem doen\u00e7as cr\u00f4nicas\u201d, diz.<\/p>\n\n\n\n<figure class=\"wp-block-image\"><img decoding=\"async\" src=\"https:\/\/imagens.ebc.com.br\/dQuCTObwKHEo6XhK0MQ4W05LsXc=\/754x0\/smart\/https:\/\/agenciabrasil.ebc.com.br\/sites\/default\/files\/thumbnails\/image\/2025\/02\/17\/_rbr4878a.jpg?itok=Jfoyjubp\" alt=\"Rio de Janeiro (RJ), 17\/02\/2024 - Funcion\u00e1rios tabalham no Samb\u00f3dromo debaixo de forte calor. Cidade do Rio de Janeiro atinge n\u00edvel 4 de calor. Marco \u00e9 caracterizado por temperaturas que podem chegar a 44\u00baC  Foto: T\u00e2nia R\u00eago\/Ag\u00eancia Brasil\" title=\"T\u00e2nia R\u00eago\/Ag\u00eancia Brasil\"\/><\/figure>\n\n\n\n<h6 class=\"wp-block-heading\">&nbsp;Funcion\u00e1rios trabalham no Samb\u00f3dromo debaixo de forte calor. Cidade do Rio de Janeiro atinge n\u00edvel 4 de calor.&nbsp;<strong>Foto: T\u00e2nia R\u00eago\/Ag\u00eancia Brasil<\/strong><\/h6>\n\n\n\n<p>Apesar das temperaturas recordes&nbsp;registradas na capital fluminense \u2014 na segunda-feira (17), a&nbsp;<a href=\"https:\/\/agenciabrasil.ebc.com.br\/geral\/noticia\/2025-02\/rio-chega-a-44-C-maior-temperatura-registrada-desde-2014\" target=\"_blank\" rel=\"noreferrer noopener\">cidade atingiu m\u00e1xima de 44\u00ba<em>C<\/em><\/a>, maior temperatura desde 2024 \u2014, a pesquisadora avalia que o calor excessivo n\u00e3o \u00e9 um desafio apenas da cidade do Rio de Janeiro, mas um problema que precisa ser repensado por diferentes sistemas de gest\u00e3o p\u00fablica e pela sociedade.<\/p>\n\n\n\n<p>\u201cHidrata\u00e7\u00e3o, por exemplo, \u00e9 essencial. A prefeitura municipal&nbsp;[do Rio de Janeiro] disponibilizou pela cidade diferentes pontos de hidrata\u00e7\u00e3o gratuita, mas sabemos que interromper ou evitar essa exposi\u00e7\u00e3o no hor\u00e1rio de 11h \u00e0s 15h \u00e9 ideal, s\u00f3 que isso mexe, principalmente, com o trabalhador, isso mexe como constru\u00edmos a nossa sociedade para os hor\u00e1rios de trabalho\u201d, reflete.<\/p>\n\n\n\n<p>Segundo Sousa, os&nbsp;<strong>profissionais mais afetados s\u00e3o aqueles com v\u00ednculos informais de trabalho, especialmente entregadores e vendedores ambulantes, que dependem dos hor\u00e1rios de maior movimento.<\/strong>&nbsp;\u201cComo voc\u00ea vai garantir que esse vendedor n\u00e3o trabalhe nos hor\u00e1rios de pico, se no carnaval, por exemplo, \u00e9 o momento em que eles mais ganham?\u201d, questiona.<\/p>\n\n\n\n<figure class=\"wp-block-image\"><img decoding=\"async\" src=\"https:\/\/imagens.ebc.com.br\/gVclFQ0OH4yqrW5R2RNFpQ0M48U=\/463x0\/smart\/https:\/\/agenciabrasil.ebc.com.br\/sites\/default\/files\/thumbnails\/image\/2025\/01\/25\/_d6a4379.jpg?itok=S2KAPZ4y\" alt=\"Rio de Janeiro (RJ) 25\/01\/2025 \u2013 Vendedores ambulantes na Praia do Flamengo durante semana com alerta de calor extremo. Foto: Fernando Fraz\u00e3o\/Ag\u00eancia Brasil\" title=\"Fernando Fraz\u00e3o\/Ag\u00eancia Brasil\"\/><\/figure>\n\n\n\n<h6 class=\"wp-block-heading\">Vendedores ambulantes na Praia do Flamengo durante semana com alerta de calor extremo&nbsp; &#8211;&nbsp;<strong>Fernando Fraz\u00e3o\/Ag\u00eancia Brasil<\/strong><\/h6>\n\n\n\n<p>Al\u00e9m da atividade desenvolvida, outro fator importante para compreender a situa\u00e7\u00e3o de vulnerabilidade a que os trabalhadores est\u00e3o submetidos \u00e9 a idade, j\u00e1 que idosos, assim como crian\u00e7as, s\u00e3o mais suscet\u00edveis a problemas em decorr\u00eancia do calor intenso. Muitos desses trabalhadores informais, avalia a pesquisadora, tamb\u00e9m apresentam quadros de hipertens\u00e3o, diabete, doen\u00e7as renais e card\u00edacas, que contribuem para uma situa\u00e7\u00e3o de mal-estar.<\/p>\n\n\n\n<p>Pensando, sobretudo, nos trabalhadores informais expostos ao sol por um longo per\u00edodo, a pesquisadora recomenda buscar \u00e1reas cobertas e ventiladas, usar chap\u00e9us o tempo inteiro e reconhecer o momento de encerrar a atividade para buscar ajuda. \u201cEssa \u00e9 uma coisa que o poder p\u00fablico vai ter que intensificar, \u00e9 o acesso ao socorro, \u00e0 assist\u00eancia, o cuidado durante esse per\u00edodo\u201d, explica a professora.<\/p>\n\n\n\n<p>Outra recomenda\u00e7\u00e3o que Sousa faz \u00e9 sempre refrescar o corpo com \u00e1gua ou uma toalha molhada. Para ela, essas a\u00e7\u00f5es, no entanto, n\u00e3o podem ser restritas ao in\u00edcio deste ano: \u201cFaltam a\u00e7\u00f5es concretas, mas isso n\u00e3o pode parar agora porque estamos no ver\u00e3o. S\u00e3o planejamentos, revis\u00f5es que temos que ter para o pr\u00f3ximo ver\u00e3o, para outros per\u00edodos que n\u00e3o imagin\u00e1vamos que fossem ser t\u00e3o quentes, mas ser\u00e3o\u201d.<\/p>\n\n\n\n<p><em>*Estagi\u00e1ria sob supervis\u00e3o de Vin\u00edcius Lisboa<\/em><\/p>\n\n\n\n<p>Francielly Barbosa*- Estagi\u00e1ria da Ag\u00eancia Brasil<br>Foto: \u00a9 T\u00e2nia R\u00eago\/Ag\u00eancia Brasil<br><\/p>\n","protected":false},"excerpt":{"rendered":"<p>Hidrata\u00e7\u00e3o constante e toalha \u00famida por perto, recomenda a pesquisadora Tatiane Cristina Moraes de Sousa<\/p>\n","protected":false},"author":2,"featured_media":100112,"comment_status":"open","ping_status":"open","sticky":false,"template":"","format":"standard","meta":{"footnotes":""},"categories":[17],"tags":[],"class_list":["post-100111","post","type-post","status-publish","format-standard","has-post-thumbnail","hentry","category-outras-noticias"],"_links":{"self":[{"href":"https:\/\/tvc16.com\/portal\/wp-json\/wp\/v2\/posts\/100111","targetHints":{"allow":["GET"]}}],"collection":[{"href":"https:\/\/tvc16.com\/portal\/wp-json\/wp\/v2\/posts"}],"about":[{"href":"https:\/\/tvc16.com\/portal\/wp-json\/wp\/v2\/types\/post"}],"author":[{"embeddable":true,"href":"https:\/\/tvc16.com\/portal\/wp-json\/wp\/v2\/users\/2"}],"replies":[{"embeddable":true,"href":"https:\/\/tvc16.com\/portal\/wp-json\/wp\/v2\/comments?post=100111"}],"version-history":[{"count":1,"href":"https:\/\/tvc16.com\/portal\/wp-json\/wp\/v2\/posts\/100111\/revisions"}],"predecessor-version":[{"id":100113,"href":"https:\/\/tvc16.com\/portal\/wp-json\/wp\/v2\/posts\/100111\/revisions\/100113"}],"wp:featuredmedia":[{"embeddable":true,"href":"https:\/\/tvc16.com\/portal\/wp-json\/wp\/v2\/media\/100112"}],"wp:attachment":[{"href":"https:\/\/tvc16.com\/portal\/wp-json\/wp\/v2\/media?parent=100111"}],"wp:term":[{"taxonomy":"category","embeddable":true,"href":"https:\/\/tvc16.com\/portal\/wp-json\/wp\/v2\/categories?post=100111"},{"taxonomy":"post_tag","embeddable":true,"href":"https:\/\/tvc16.com\/portal\/wp-json\/wp\/v2\/tags?post=100111"}],"curies":[{"name":"wp","href":"https:\/\/api.w.org\/{rel}","templated":true}]}}