{"id":100134,"date":"2025-03-04T12:12:35","date_gmt":"2025-03-04T15:12:35","guid":{"rendered":"https:\/\/tvc16.com\/portal\/?p=100134"},"modified":"2025-03-04T12:12:37","modified_gmt":"2025-03-04T15:12:37","slug":"rio-retorna-ao-nivel-de-calor-1-sem-impactos-na-rotina-da-cidade","status":"publish","type":"post","link":"https:\/\/tvc16.com\/portal\/2025\/03\/04\/rio-retorna-ao-nivel-de-calor-1-sem-impactos-na-rotina-da-cidade\/","title":{"rendered":"Rio retorna ao n\u00edvel de calor 1, sem impactos na rotina da cidade"},"content":{"rendered":"\n<p>O&nbsp;<a href=\"https:\/\/cor.rio\/\">Centro de Opera\u00e7\u00f5es e Resili\u00eancia da prefeitura do Rio<\/a>&nbsp;(COR) informou que&nbsp;<strong>a cidade retornou ao n\u00edvel de calor 1 \u00e0 0h10 desta ter\u00e7a-feira, (4)<\/strong>.&nbsp;Neste primeiro n\u00edvel, n\u00e3o h\u00e1 previs\u00e3o de altos \u00edndices de calor, sem impactos na rotina da cidade.<img decoding=\"async\" src=\"https:\/\/agenciabrasil.ebc.com.br\/ebc.png?id=1633080&amp;o=node\"><img decoding=\"async\" src=\"https:\/\/agenciabrasil.ebc.com.br\/ebc.gif?id=1633080&amp;o=node\"><\/p>\n\n\n\n<p>Desde o dia 21 de fevereiro, o&nbsp;<a href=\"https:\/\/agenciabrasil.ebc.com.br\/geral\/noticia\/2024-11\/municipio-do-rio-entra-em-nivel-3-com-temperatura-acima-de-36-degc\">munic\u00edpio estava em calor 3<\/a>, quando ainda n\u00e3o h\u00e1 impactos maiores, mas os cidad\u00e3os devem se manter informados. Esse n\u00edvel acontece quando h\u00e1 registro de \u00edndices de calor alto entre 36\u00ba C e 40\u00baC, com previs\u00e3o de perman\u00eancia ou aumento por ao menos, tr\u00eas dias consecutivos.<\/p>\n\n\n\n<p><strong>Em meados de fevereiro, a cidade&nbsp;<a href=\"https:\/\/agenciabrasil.ebc.com.br\/geral\/noticia\/2025-02\/cidade-do-rio-de-janeiro-atinge-nivel-4-de-calor-nesta-segunda-feira\">atingiu o n\u00edvel 4 de calor<\/a>,<\/strong>&nbsp;que \u00e9 acionado quando a temperatura fica entre 40\u00b0C a 44\u00b0C, com previs\u00e3o de perman\u00eancia ou aumento por, ao menos, tr\u00eas dias consecutivos.&nbsp;<\/p>\n\n\n\n<h2 class=\"wp-block-heading\">Previs\u00e3o<\/h2>\n\n\n\n<p>De acordo com o Alerta Rio,&nbsp;<strong>a previs\u00e3o para hoje \u00e9 de tempo est\u00e1vel, com c\u00e9u variando entre parcialmente nublado a claro, sem previs\u00e3o de chuva.<\/strong>&nbsp;As temperaturas estar\u00e3o elevadas, com m\u00ednima prevista de 19\u00ba C e m\u00e1xima de 36\u00b0C.<\/p>\n\n\n\n<p>Os ventos estar\u00e3o moderados, com rajadas ocasionais fortes no fim da tarde e noite.<\/p>\n\n\n\n<p>Bruno Bocchini \u2013 Rep\u00f3rter da Ag\u00eancia Brasil<\/p>\n\n\n\n<p>Foto: \u00a9 T\u00e2nia R\u00eago\/Ag\u00eancia Brasil<br><br><\/p>\n","protected":false},"excerpt":{"rendered":"<p>O&nbsp;Centro de Opera\u00e7\u00f5es e Resili\u00eancia da prefeitura do Rio&nbsp;(COR) informou que&nbsp;a cidade retornou ao n\u00edvel<\/p>\n","protected":false},"author":2,"featured_media":100135,"comment_status":"open","ping_status":"open","sticky":false,"template":"","format":"standard","meta":{"footnotes":""},"categories":[17],"tags":[],"class_list":["post-100134","post","type-post","status-publish","format-standard","has-post-thumbnail","hentry","category-outras-noticias"],"_links":{"self":[{"href":"https:\/\/tvc16.com\/portal\/wp-json\/wp\/v2\/posts\/100134","targetHints":{"allow":["GET"]}}],"collection":[{"href":"https:\/\/tvc16.com\/portal\/wp-json\/wp\/v2\/posts"}],"about":[{"href":"https:\/\/tvc16.com\/portal\/wp-json\/wp\/v2\/types\/post"}],"author":[{"embeddable":true,"href":"https:\/\/tvc16.com\/portal\/wp-json\/wp\/v2\/users\/2"}],"replies":[{"embeddable":true,"href":"https:\/\/tvc16.com\/portal\/wp-json\/wp\/v2\/comments?post=100134"}],"version-history":[{"count":1,"href":"https:\/\/tvc16.com\/portal\/wp-json\/wp\/v2\/posts\/100134\/revisions"}],"predecessor-version":[{"id":100136,"href":"https:\/\/tvc16.com\/portal\/wp-json\/wp\/v2\/posts\/100134\/revisions\/100136"}],"wp:featuredmedia":[{"embeddable":true,"href":"https:\/\/tvc16.com\/portal\/wp-json\/wp\/v2\/media\/100135"}],"wp:attachment":[{"href":"https:\/\/tvc16.com\/portal\/wp-json\/wp\/v2\/media?parent=100134"}],"wp:term":[{"taxonomy":"category","embeddable":true,"href":"https:\/\/tvc16.com\/portal\/wp-json\/wp\/v2\/categories?post=100134"},{"taxonomy":"post_tag","embeddable":true,"href":"https:\/\/tvc16.com\/portal\/wp-json\/wp\/v2\/tags?post=100134"}],"curies":[{"name":"wp","href":"https:\/\/api.w.org\/{rel}","templated":true}]}}