{"id":10014,"date":"2021-01-29T23:50:56","date_gmt":"2021-01-30T02:50:56","guid":{"rendered":"https:\/\/tvc16.com\/portal\/?p=10014"},"modified":"2021-01-29T23:50:59","modified_gmt":"2021-01-30T02:50:59","slug":"eleicoes-para-presidencia-da-camara-e-do-senado-movimentam-cenario-politico-brasileiro-especialista-explica-atribuicao-dos-presidentes-do-legislativo","status":"publish","type":"post","link":"https:\/\/tvc16.com\/portal\/2021\/01\/29\/eleicoes-para-presidencia-da-camara-e-do-senado-movimentam-cenario-politico-brasileiro-especialista-explica-atribuicao-dos-presidentes-do-legislativo\/","title":{"rendered":"Elei\u00e7\u00f5es para presid\u00eancia da C\u00e2mara e do Senado movimentam cen\u00e1rio pol\u00edtico brasileiro; especialista explica atribui\u00e7\u00e3o dos presidentes do Legislativo"},"content":{"rendered":"\n<p>Em entrevista ao Portal Brasil61.com, o professor do Ibmec Bras\u00edlia Ricardo Caichiollo explica a import\u00e2ncia desses cargos no cen\u00e1rio pol\u00edtico nacional<\/p>\n\n\n\n<p>As elei\u00e7\u00f5es da presid\u00eancia da C\u00e2mara dos Deputados e do Senado Federal, marcadas para a pr\u00f3xima segunda-feira (1\u00ba), movimentam o cen\u00e1rio pol\u00edtico nacional. Os candidatos Arthur Lira (PP-AL), na C\u00e2mara, e Rodrigo Pacheco (DEM-MG), no Senado, contam com o apoio do presidente Jair Bolsonaro.<\/p>\n\n\n\n<p>Em oposi\u00e7\u00e3o a Bolsonaro, deputados de 12 partidos pol\u00edticos \u2013 PT, PSL, MDB, PSB, PSDB, DEM, PDT, Cidadania, PV, PCdoB, Rede e Solidariedade \u2013 apoiam Baleia Rossi no pleito. A candidatura de Rossi \u00e9 endossada pelo atual presidente da C\u00e2mara, Rodrigo Maia (DEM-RJ).&nbsp;<\/p>\n\n\n\n<p>Ao todo, nove pol\u00edticos disputam a presid\u00eancia na C\u00e2mara e quatro a presid\u00eancia do Senado. Na C\u00e2mara, vence em primeiro turno o candidato que obtiver a maioria simples de votos, o que corresponde a 257. Caso isso n\u00e3o ocorra, a elei\u00e7\u00e3o segue para segundo turno, com os dois postulantes mais votados.&nbsp;<\/p>\n\n\n\n<p>No Senado, que al\u00e9m de Rodrigo Pacheco tem Simone Tebet (MDB-MS) como uma das principais postulantes, o pleito ocorre de maneira semelhante e vence o senador ou senadora que conseguir 41 votos na sess\u00e3o preparat\u00f3ria. Em ambas as casas o mandato tem dura\u00e7\u00e3o de dois anos.&nbsp;<\/p>\n\n\n\n<figure class=\"wp-block-image\"><img decoding=\"async\" src=\"\/\/s3-sa-east-1.amazonaws.com\/agencia-radio-arb\/3558\/content_WhatsApp_Image_2021-01-28_at_23.52.51_%281%29.jpeg\" alt=\"\"\/><\/figure>\n\n\n\n<p>Para explicar o papel exercido por quem ocupa os cargos mais altos do Legislativo brasileiro, o Portal Brasil61.com entrevistou Ricardo Caichiolo, PhD em Ci\u00eancias Sociais e Pol\u00edticas pela Universit\u00e9 Catholique de Louvain, na B\u00e9lgica, e professor do Ibmec Bras\u00edlia. Entre outros pontos, Caichiolo explicou as atribui\u00e7\u00f5es dos cargos e o fato de que os atuais presidentes da C\u00e2mara e do Senado, Rodrigo Maia e Davi Alcolumbre, respectivamente, terem sido impedidos de participarem do pleito.&nbsp;<\/p>\n\n\n\n<p>\u201cConv\u00e9m destacar que a atual elei\u00e7\u00e3o se dar\u00e1 pela impossibilidade dos atuais presidentes de ambas as casas se candidatarem novamente, por decis\u00e3o do Supremo Tribunal Federal (STF). A Constitui\u00e7\u00e3o Federal determina a atribui\u00e7\u00e3o dos chefes de cada um dos poderes. A partir da\u00ed, espera-se que eles convivam em harmonia conforme cada uma de suas atribui\u00e7\u00f5es, entre elas quest\u00f5es administrativas. No caso da C\u00e2mara e do Senado, a fun\u00e7\u00e3o mais importante \u00e9 a possibilidade de pautar as vota\u00e7\u00f5es que v\u00e3o ocorrer em plen\u00e1rio\u201d, diz.<\/p>\n\n\n\n<figure class=\"wp-block-image\"><img decoding=\"async\" src=\"\/\/s3-sa-east-1.amazonaws.com\/agencia-radio-arb\/3552\/content_cadidato-a-presidencia_olho_%281%29.png\" alt=\"\"\/><\/figure>\n\n\n\n<h2 class=\"wp-block-heading\">Harmonia entre poderes<\/h2>\n\n\n\n<p>Idealmente, destaca o especialista, os presidentes da C\u00e2mara e do Senado deveriam trabalhar em conjunto com o presidente da Rep\u00fablica para que propostas caminhassem com mais celeridade no Congresso. &nbsp;Ele cita a influ\u00eancia que o presidente Jair Bolsonaro pretende exercer na escolha dos atuais postulantes ao Legislativo.&nbsp;<\/p>\n\n\n\n<p>\u201cO ideal \u00e9 que haja uma coordena\u00e7\u00e3o entre governo federal e os presidentes da C\u00e2mara e do Senado, para que a tramita\u00e7\u00e3o dos projetos fluam em benef\u00edcio do cidad\u00e3o. &nbsp;Por\u00e9m, o que ocorre na pr\u00e1tica, eventualmente n\u00e3o h\u00e1 um alinhamento entre o chefe do Executivo e os presidentes do Legislativo. &nbsp;Atualmente, por exemplo, o presidente da Rep\u00fablica apoia abertamente a vit\u00f3ria dos candidatos Arthur Lira, na C\u00e2mara, e Rodrigo Pacheco, no Senado. &nbsp;Isso ocorre porque j\u00e1 houve conversas pr\u00e9vias com esses postulantes e a base que os apoiam para que os projetos de interesse do Executivo sejam pautados nas casas.\u201d<\/p>\n\n\n\n<p>De acordo com o entrevistado, em 2021, pautas econ\u00f4micas devem ter destaque no Legislativo, assim como projetos relacionados \u00e0 pandemia.<\/p>\n\n\n\n<p>\u201cIndependentemente de quem se tornar presidente da C\u00e2mara dos Deputados e do Senado, h\u00e1 pautas que necessariamente ter\u00e3o que ser abordadas, principalmente relacionadas \u00e0 economia. &nbsp;Tamb\u00e9m h\u00e1 propostas relacionadas \u00e0 pandemia e tamb\u00e9m a discuss\u00e3o de retorno do aux\u00edlio emergencial, que necessariamente precisa passar pela C\u00e2mara e Senado\u201d, afirma.<\/p>\n\n\n\n<p>Por fim, Caichiolo aponta os fatores que levam os presidentes do Legislativo a terem tanta visibilidade e poder. \u201cPautar o que \u00e9 debatido&nbsp;no plen\u00e1rio d\u00e1 um poder enorme a quem ocupa esses cargos, sobretudo em um momento que as vota\u00e7\u00f5es se restringem ao plen\u00e1rio [por conta da pandemia]. &nbsp;Muitos projetos de lei tamb\u00e9m s\u00e3o votados de forma terminativa dentro das comiss\u00f5es e nem precisam ir ao plen\u00e1rio\u201d, diz.&nbsp;<\/p>\n\n\n\n<p>\u201cOutro ponto que deve ser salientado \u00e9 o fato de que ambos os presidentes est\u00e3o na linha sucess\u00f3ria do presidente da Rep\u00fablica. Essa linha segue a seguinte ordem com a falta do presidente: vice-presidente da Rep\u00fablica, presidente da C\u00e2mara e do Senado. Essa \u00e9 uma quest\u00e3o bastante importante\u201d, completa.&nbsp;<\/p>\n\n\n\n<figure class=\"wp-block-embed is-type-rich is-provider-incorporar-manipulador wp-block-embed-incorporar-manipulador wp-embed-aspect-16-9 wp-has-aspect-ratio\"><div class=\"wp-block-embed__wrapper\">\n<iframe loading=\"lazy\" title=\"Entrevistado da Semana - Ricardo Caichiolo - PhD em Ci\u00eancias Sociais e Pol\u00edticas\" width=\"640\" height=\"360\" src=\"https:\/\/www.youtube.com\/embed\/kJwF6NBCuqE?feature=oembed\" frameborder=\"0\" allow=\"accelerometer; autoplay; clipboard-write; encrypted-media; gyroscope; picture-in-picture; web-share\" referrerpolicy=\"strict-origin-when-cross-origin\" allowfullscreen><\/iframe>\n<\/div><\/figure>\n\n\n\n<p>Fonte: <a href=\"https:\/\/brasil61.com\/noticias\/eleicoes-para-presidencia-da-camara-e-do-senado-movimentam-cenario-politico-brasileiro-especialista-explica-atribuicao-dos-presidentes-do-legislativo-bras213616?email=bethdeoliveira@yahoo.com.br&amp;utm_source=newsletter&amp;utm_medium=newsletter&amp;utm_campaign=newsletter\" target=\"_blank\" rel=\"noreferrer noopener\">Brasil 61<\/a><\/p>\n","protected":false},"excerpt":{"rendered":"<p>Em entrevista ao Portal Brasil61.com, o professor do Ibmec Bras\u00edlia Ricardo Caichiollo explica a import\u00e2ncia<\/p>\n","protected":false},"author":2,"featured_media":10016,"comment_status":"open","ping_status":"open","sticky":false,"template":"","format":"standard","meta":{"footnotes":""},"categories":[17],"tags":[],"class_list":["post-10014","post","type-post","status-publish","format-standard","has-post-thumbnail","hentry","category-outras-noticias"],"_links":{"self":[{"href":"https:\/\/tvc16.com\/portal\/wp-json\/wp\/v2\/posts\/10014","targetHints":{"allow":["GET"]}}],"collection":[{"href":"https:\/\/tvc16.com\/portal\/wp-json\/wp\/v2\/posts"}],"about":[{"href":"https:\/\/tvc16.com\/portal\/wp-json\/wp\/v2\/types\/post"}],"author":[{"embeddable":true,"href":"https:\/\/tvc16.com\/portal\/wp-json\/wp\/v2\/users\/2"}],"replies":[{"embeddable":true,"href":"https:\/\/tvc16.com\/portal\/wp-json\/wp\/v2\/comments?post=10014"}],"version-history":[{"count":1,"href":"https:\/\/tvc16.com\/portal\/wp-json\/wp\/v2\/posts\/10014\/revisions"}],"predecessor-version":[{"id":10017,"href":"https:\/\/tvc16.com\/portal\/wp-json\/wp\/v2\/posts\/10014\/revisions\/10017"}],"wp:featuredmedia":[{"embeddable":true,"href":"https:\/\/tvc16.com\/portal\/wp-json\/wp\/v2\/media\/10016"}],"wp:attachment":[{"href":"https:\/\/tvc16.com\/portal\/wp-json\/wp\/v2\/media?parent=10014"}],"wp:term":[{"taxonomy":"category","embeddable":true,"href":"https:\/\/tvc16.com\/portal\/wp-json\/wp\/v2\/categories?post=10014"},{"taxonomy":"post_tag","embeddable":true,"href":"https:\/\/tvc16.com\/portal\/wp-json\/wp\/v2\/tags?post=10014"}],"curies":[{"name":"wp","href":"https:\/\/api.w.org\/{rel}","templated":true}]}}