{"id":100140,"date":"2025-03-04T12:26:10","date_gmt":"2025-03-04T15:26:10","guid":{"rendered":"https:\/\/tvc16.com\/portal\/?p=100140"},"modified":"2025-03-04T12:26:12","modified_gmt":"2025-03-04T15:26:12","slug":"teresopolis-o-carnaval-da-gente-moradores-e-visitantes-seguem-curtindo-dias-de-pura-alegria-e-diversao","status":"publish","type":"post","link":"https:\/\/tvc16.com\/portal\/2025\/03\/04\/teresopolis-o-carnaval-da-gente-moradores-e-visitantes-seguem-curtindo-dias-de-pura-alegria-e-diversao\/","title":{"rendered":"\u2018Teres\u00f3polis: O Carnaval da Gente!\u2019: moradores e visitantes seguem curtindo dias de pura alegria e divers\u00e3o"},"content":{"rendered":"\n<p><strong>Blocos, shows e muita anima\u00e7\u00e3o na cidade e no interior<\/strong><\/p>\n\n\n\n<p>O pen\u00faltimo dia de Carnaval foi marcado por muita anima\u00e7\u00e3o, m\u00fasica e divers\u00e3o. A folia continua atraindo multid\u00f5es nas ruas de Teres\u00f3polis. A energia acordou cedo e foi para a avenida, com o Bloco Concentra na Marra, que encheu o Parque Regadas. Com abad\u00e1s&nbsp;personalizados cheios de criatividade, sorrisos e alegria, o centro da cidade se transformou em uma verdadeira festa. Mantendo esse clima festivo que s\u00f3 essa \u00e9poca do ano proporciona, foli\u00f5es de todas as idades aproveitaram tamb\u00e9m os desfiles dos blocos Baby Rindo e Thijukana.<\/p>\n\n\n\n<p>As crian\u00e7as tiveram a divers\u00e3o garantida com a matin\u00ea do DJ Jonathan Marques, na Feirarte. Canh\u00e3o de confetes e serpentinas criaram uma explos\u00e3o de cores e alegria, tornando a folia ainda mais vibrante. Com muita m\u00fasica, dan\u00e7a e anima\u00e7\u00e3o, os pequenos se divertiram ao m\u00e1ximo, sem esquecer das bolinhas de sab\u00e3o que n\u00e3o podiam faltar! Tudo isso em um ambiente l\u00fadico e seguro para as crian\u00e7as.<\/p>\n\n\n\n<p>No \u2018Foliando\u2019, na Pra\u00e7a Nilo Pe\u00e7anha, a do Ginda Bloch, fam\u00edlias inteiras dan\u00e7aram ao som da banda Absinto (Carna Rock), Tiamay (Pop Rock) e Tiago Souza (Sertanejo), al\u00e9m de se encantarem com o desfile infantil de fantasias e degustarem as del\u00edcias da gastronomia. E o melhor, \u00e9 um evento pet friendly, perfeito para levar seu amigo de quatro patas.<\/p>\n\n\n\n<p>A secret\u00e1ria de Turismo, Nina Benedito, disse que o Carnaval superou as expectativas. \u201cConsiderando que organizamos o Carnaval&nbsp;em cima da hora. Muitas secretarias envolvidas, o pessoal segue trabalhando arduamente para colocar o Carnaval na rua, conforme as determina\u00e7\u00f5es do nosso Prefeito Leonardo Vasconcellos, que queria uma folia familiar, que n\u00e3o acabasse tarde e com atra\u00e7\u00f5es para que todos pudessem aproveitar. Estamos conseguindo entregar o Carnaval idealizado por ele, com diversas atividades para todos&nbsp;os gostos, especialmente para as crian\u00e7as, mas tamb\u00e9m para os nossos mun\u00edcipes e visitantes. A taxa de ocupa\u00e7\u00e3o est\u00e1 em cerca de 95%, a cidade est\u00e1 cheia. As pessoas est\u00e3o podendo curtir e se divertir, em um ambiente familiar. Faltando apenas um dia, convido a todos a virem aproveitar o Carnaval da Gente!, pontuou Nina.<\/p>\n\n\n\n<p>Na Pra\u00e7a Ol\u00edmpica, palco principal dos eventos, mais uma noite de shows animou as fam\u00edlias, que puderam curtir um repert\u00f3rio que mistura samba, sertanejo, pagode e outros ritmos dan\u00e7antes ao som de grandes nomes da m\u00fasica como Balacobaco, Cora\u00e7\u00e3o Sertanejo&nbsp;e Marquinho Barbosa e Banda Cinco Esta\u00e7\u00f5es, que deram um mega show, e embalaram a galera com aquela energia e vibe contagiante.<\/p>\n\n\n\n<p>\u201cEm nome do nosso prefeito Leonardo Vasconcellos, gostaria de agradecer a toda a equipe da Prefeitura pela participa\u00e7\u00e3o do Cora\u00e7\u00e3o Sertanejo no Carnaval da Gente! Entregamos o nosso melhor para que a popula\u00e7\u00e3o teresopolitana pudesse aproveitar muito dessa&nbsp;festa linda. Esperamos que todos tenham se divertido bastante!\u201d, disse Dudu do Resgate, vocalista da Banda Cora\u00e7\u00e3o Sertanejo.<\/p>\n\n\n\n<p>Em Bonsucesso, interior do munic\u00edpio, o DJ Renato Chipan iniciou a folia com muita m\u00fasica, dan\u00e7a e alegria. Depois, o p\u00fablico teve a oportunidade de aproveitar um pagodinho de respeito com a apresenta\u00e7\u00e3o da banda local FutSamba.<\/p>\n\n\n\n<p>O Carnaval de Teres\u00f3polis \u00e9 uma realiza\u00e7\u00e3o da Prefeitura, em parceria com o Governo do Estado do Rio de Janeiro, a Secretaria Estadual de Governo e Rela\u00e7\u00f5es Institucionais, a Secretaria Estadual de Cultura e Economia Criativa, e a Funarj (Funda\u00e7\u00e3o Anita Mantuano de Artes do Estado do Rio de Janeiro).<\/p>\n\n\n\n<p>A noite desta segunda-feira, dia 03, foi encerrada em grande estilo, com a energia do p\u00fablico l\u00e1 em cima. Se voc\u00ea ainda n\u00e3o participou dessa festa, ainda h\u00e1 tempo de se juntar \u00e0 divers\u00e3o e viver momentos inesquec\u00edveis, pois nesta ter\u00e7a ainda tem mais! Confira a programa\u00e7\u00e3o completa, chame a fam\u00edlia e os amigos e venha se divertir com a gente!<\/p>\n\n\n\n<p><strong>*Feirarte (Pra\u00e7a Higino da Silveira, no Alto)*&nbsp;<\/strong><\/p>\n\n\n\n<p>\u00b7 Matin\u00ea DJ Jonathan Marques &#8211; 14h&nbsp;<\/p>\n\n\n\n<p>\u00b7 Matin\u00ea Folia Encantada &#8211; 16h30&nbsp;<\/p>\n\n\n\n<p>\u00b7 Bloco Gatos Pingados &#8211; 16h &#8211; Centro Cultural Feso Pro Arte (R. Gon\u00e7alo de Castro, 85 &#8211; Alto)<\/p>\n\n\n\n<p><strong>*Pra\u00e7a Ol\u00edmpica Lu\u00eds de Cam\u00f5es, na V\u00e1rzea*<\/strong><\/p>\n\n\n\n<p>\u00b7 DJ Duda Ramalho &#8211; 19h&nbsp;<\/p>\n\n\n\n<p>\u00b7 Show FutSamba &#8211; 19h30&nbsp;<\/p>\n\n\n\n<p>\u00b7 Show Banda Clareou &#8211; 22h&nbsp;<\/p>\n\n\n\n<p>\u00b7 Encerramento &#8211; 1h&nbsp;<\/p>\n\n\n\n<p><strong>*Bonsucesso\/3\u00ba Distrito &#8211; Pra\u00e7a Samuel de Paula Mac\u00e1rio (a da E.M. Francisco Maria Dallia)*<\/strong><\/p>\n\n\n\n<p>\u00b7 DJ Renato Chipan &#8211; 19h&nbsp;<\/p>\n\n\n\n<p>\u00b7 Show N\u00f3s do Samba &#8211; 20h&nbsp;<\/p>\n\n\n\n<p>\u00b7 Encerramento &#8211; 00h<\/p>\n\n\n\n<p><strong>*Fotos: Jonathan Martins, Ana Laura Siqueira, Mara L\u00facia, Roberto Ferreira e Jorge Maravilha.*<\/strong><\/p>\n","protected":false},"excerpt":{"rendered":"<p>Blocos, shows e muita anima\u00e7\u00e3o na cidade e no interior O pen\u00faltimo dia de Carnaval<\/p>\n","protected":false},"author":2,"featured_media":100141,"comment_status":"open","ping_status":"open","sticky":false,"template":"","format":"standard","meta":{"footnotes":""},"categories":[17],"tags":[],"class_list":["post-100140","post","type-post","status-publish","format-standard","has-post-thumbnail","hentry","category-outras-noticias"],"_links":{"self":[{"href":"https:\/\/tvc16.com\/portal\/wp-json\/wp\/v2\/posts\/100140","targetHints":{"allow":["GET"]}}],"collection":[{"href":"https:\/\/tvc16.com\/portal\/wp-json\/wp\/v2\/posts"}],"about":[{"href":"https:\/\/tvc16.com\/portal\/wp-json\/wp\/v2\/types\/post"}],"author":[{"embeddable":true,"href":"https:\/\/tvc16.com\/portal\/wp-json\/wp\/v2\/users\/2"}],"replies":[{"embeddable":true,"href":"https:\/\/tvc16.com\/portal\/wp-json\/wp\/v2\/comments?post=100140"}],"version-history":[{"count":1,"href":"https:\/\/tvc16.com\/portal\/wp-json\/wp\/v2\/posts\/100140\/revisions"}],"predecessor-version":[{"id":100142,"href":"https:\/\/tvc16.com\/portal\/wp-json\/wp\/v2\/posts\/100140\/revisions\/100142"}],"wp:featuredmedia":[{"embeddable":true,"href":"https:\/\/tvc16.com\/portal\/wp-json\/wp\/v2\/media\/100141"}],"wp:attachment":[{"href":"https:\/\/tvc16.com\/portal\/wp-json\/wp\/v2\/media?parent=100140"}],"wp:term":[{"taxonomy":"category","embeddable":true,"href":"https:\/\/tvc16.com\/portal\/wp-json\/wp\/v2\/categories?post=100140"},{"taxonomy":"post_tag","embeddable":true,"href":"https:\/\/tvc16.com\/portal\/wp-json\/wp\/v2\/tags?post=100140"}],"curies":[{"name":"wp","href":"https:\/\/api.w.org\/{rel}","templated":true}]}}