{"id":100143,"date":"2025-03-05T05:00:00","date_gmt":"2025-03-05T08:00:00","guid":{"rendered":"https:\/\/tvc16.com\/portal\/?p=100143"},"modified":"2025-03-04T14:35:39","modified_gmt":"2025-03-04T17:35:39","slug":"saiba-os-servicos-que-irao-funcionar-na-quarta-feira-de-cinzas","status":"publish","type":"post","link":"https:\/\/tvc16.com\/portal\/2025\/03\/05\/saiba-os-servicos-que-irao-funcionar-na-quarta-feira-de-cinzas\/","title":{"rendered":"Saiba os servi\u00e7os que ir\u00e3o funcionar na Quarta-Feira de Cinzas"},"content":{"rendered":"\n<p>A ter\u00e7a-feira de carnaval, tamb\u00e9m chamada Ter\u00e7a-feira Gorda, \u00e9 o \u00faltimo dia da folia de Momo, especialmente para a popula\u00e7\u00e3o crist\u00e3 cat\u00f3lica, que tem na Quarta-Feira de Cinzas a data que marca o in\u00edcio da Quaresma, os 40 dias que antecedem a Semana Santa.&nbsp;<img decoding=\"async\" src=\"https:\/\/agenciabrasil.ebc.com.br\/ebc.png?id=1633116&amp;o=node\"><img decoding=\"async\" src=\"https:\/\/agenciabrasil.ebc.com.br\/ebc.gif?id=1633116&amp;o=node\"><\/p>\n\n\n\n<p><strong>Embora seja uma data marcada por ritos religiosos, a quarta-feira (5) n\u00e3o \u00e9 feriado no Brasil.<\/strong>&nbsp;<a href=\"https:\/\/www.in.gov.br\/en\/web\/dou\/-\/portaria-mgi-n-9.783-de-27-de-dezembro-de-2024-604395869\">Para o servi\u00e7o p\u00fablico<\/a>, o ponto facultativo vai at\u00e9 \u00e0s 14h, afetando o funcionamento de alguns servi\u00e7os.<\/p>\n\n\n\n<p><strong>Hospitais, Unidades de Pronto Atendimento (UPAs), transporte, seguran\u00e7a p\u00fablica e outros servi\u00e7os essenciais funcionam nesta quarta-feira normalmente durante todo o dia<\/strong>. J\u00e1 Unidades B\u00e1sicas de Sa\u00fade, unidades do Componente Especializado da Assist\u00eancia Farmac\u00eautica (Ceaf), Centros de Aten\u00e7\u00e3o Psicossocial (CAPS) e Hemocentros funcionaram conforme orienta\u00e7\u00e3o de estados e Distrito Federal, podendo ter funcionamento integral ou apenas em meio per\u00edodo.<\/p>\n\n\n\n<h2 class=\"wp-block-heading\">Bancos<\/h2>\n\n\n\n<p><strong>Os bancos de todo o pa\u00eds funcionar\u00e3o a partir do meio-dia (hor\u00e1rio local),&nbsp;<\/strong>conforme divulgou a Federa\u00e7\u00e3o Brasileira de Bancos (Febraban). Apenas nas localidades onde o fechamento ocorra antes das 15h, a abertura das ag\u00eancias ser\u00e1 antecipada para garantir o funcionamento m\u00ednimo de tr\u00eas horas de atendimento ao p\u00fablico.<\/p>\n\n\n\n<p>Contas de consumo como \u00e1gua, energia e telefone com vencimento na ter\u00e7a-feira (4), poder\u00e3o ser pagas sem acr\u00e9scimo de multa nesta quarta-feira.<\/p>\n\n\n\n<h2 class=\"wp-block-heading\">Correios<\/h2>\n\n\n\n<p><strong>Os Correios ter\u00e3o expediente retomado ao meio-dia e as ag\u00eancias ter\u00e3o in\u00edcio do hor\u00e1rio de expediente conforme a localidade.<\/strong>&nbsp;Para quem precisa postar ou receber encomendas e correspond\u00eancias \u00e9 necess\u00e1rio&nbsp;<a href=\"https:\/\/mais.correios.com.br\/app\/index.php\">consultar o site da empresa<\/a>&nbsp;para saber o hor\u00e1rio exato de abertura da unidade mais pr\u00f3xima.<\/p>\n\n\n\n<h2 class=\"wp-block-heading\">INSS<\/h2>\n\n\n\n<p><strong>A rede de atendimento do Instituto Nacional do Seguro Social (INSS) s\u00f3 retomar\u00e1 o atendimento presencial a partir das 14h<\/strong>&nbsp;desta quarta-feira para usu\u00e1rios agendados pelo site ou aplicativo Meu INSS. Os demais atendimentos ser\u00e3o normalizados apenas na quinta-feira (6).<\/p>\n\n\n\n<p>De acordo com a institui\u00e7\u00e3o,&nbsp;<a href=\"https:\/\/agenciabrasil.ebc.com.br\/geral\/noticia\/2025-02\/saiba-como-funcionarao-os-servicos-essenciais-durante-o-carnaval\">n\u00e3o houve mudan\u00e7a no calend\u00e1rio<\/a>&nbsp;de pagamento de benef\u00edcios em raz\u00e3o do carnaval.<\/p>\n\n\n\n<figure class=\"wp-block-image\"><img loading=\"lazy\" decoding=\"async\" width=\"754\" height=\"502\" src=\"https:\/\/tvc16.com\/portal\/wp-content\/uploads\/2025\/03\/inss_rj_1409201585.webp\" alt=\"Instituto Nacional do Seguro Social (INSS) volta atendimento presencial nas ag\u00eancias.\" class=\"wp-image-100145\" title=\"Tomaz Silva\/Ag\u00eancia Brasil\" srcset=\"https:\/\/tvc16.com\/portal\/wp-content\/uploads\/2025\/03\/inss_rj_1409201585.webp 754w, https:\/\/tvc16.com\/portal\/wp-content\/uploads\/2025\/03\/inss_rj_1409201585-300x200.webp 300w\" sizes=\"auto, (max-width: 754px) 100vw, 754px\" \/><\/figure>\n\n\n\n<h6 class=\"wp-block-heading\"><em>Instituto Nacional do Seguro Social (INSS)&nbsp;retomar\u00e1 o atendimento presencial a partir das 14h &#8211;&nbsp;<strong>Tomaz Silva\/Ag\u00eancia Brasil<\/strong><\/em><\/h6>\n\n\n\n<h2 class=\"wp-block-heading\">Com\u00e9rcio<\/h2>\n\n\n\n<p><strong>Nesta quarta-feira, a previs\u00e3o \u00e9 que com\u00e9rcios de rua e shoppings em todo o pa\u00eds abram a partir do meio-dia,&nbsp;<\/strong>mas as federa\u00e7\u00f5es nos estados e Distrito Federal permitem o funcionamento integral dos estabelecimentos com Certificado de Abertura. J\u00e1 bares e restaurantes poder\u00e3o funcionar normalmente.<\/p>\n\n\n\n<p>De acordo com a Confedera\u00e7\u00e3o Nacional do Com\u00e9rcio de Bens, Servi\u00e7os e Turismo (CNC), a proje\u00e7\u00e3o para este ano \u00e9 que todo o per\u00edodo de carnaval&nbsp;<a href=\"https:\/\/agenciabrasil.ebc.com.br\/economia\/noticia\/2025-02\/comercio-espera-receita-de-r-12-bilhoes-no-turismo-durante-o-carnaval\">movimente no pa\u00eds R$ 12,03 bilh\u00f5es<\/a>&nbsp;em receitas, o que representa um aumento de 2,1% em rela\u00e7\u00e3o a 2024.<\/p>\n\n\n\n<p>Fab\u00edola Sinimb\u00fa &#8211; Rep\u00f3rter da Ag\u00eancia Brasil<br>Foto: \u00a9 Valter Campanato\/Ag\u00eancia Brasil<br><\/p>\n","protected":false},"excerpt":{"rendered":"<p>A ter\u00e7a-feira de carnaval, tamb\u00e9m chamada Ter\u00e7a-feira Gorda, \u00e9 o \u00faltimo dia da folia de<\/p>\n","protected":false},"author":2,"featured_media":100144,"comment_status":"open","ping_status":"open","sticky":false,"template":"","format":"standard","meta":{"footnotes":""},"categories":[17],"tags":[],"class_list":["post-100143","post","type-post","status-publish","format-standard","has-post-thumbnail","hentry","category-outras-noticias"],"_links":{"self":[{"href":"https:\/\/tvc16.com\/portal\/wp-json\/wp\/v2\/posts\/100143","targetHints":{"allow":["GET"]}}],"collection":[{"href":"https:\/\/tvc16.com\/portal\/wp-json\/wp\/v2\/posts"}],"about":[{"href":"https:\/\/tvc16.com\/portal\/wp-json\/wp\/v2\/types\/post"}],"author":[{"embeddable":true,"href":"https:\/\/tvc16.com\/portal\/wp-json\/wp\/v2\/users\/2"}],"replies":[{"embeddable":true,"href":"https:\/\/tvc16.com\/portal\/wp-json\/wp\/v2\/comments?post=100143"}],"version-history":[{"count":1,"href":"https:\/\/tvc16.com\/portal\/wp-json\/wp\/v2\/posts\/100143\/revisions"}],"predecessor-version":[{"id":100146,"href":"https:\/\/tvc16.com\/portal\/wp-json\/wp\/v2\/posts\/100143\/revisions\/100146"}],"wp:featuredmedia":[{"embeddable":true,"href":"https:\/\/tvc16.com\/portal\/wp-json\/wp\/v2\/media\/100144"}],"wp:attachment":[{"href":"https:\/\/tvc16.com\/portal\/wp-json\/wp\/v2\/media?parent=100143"}],"wp:term":[{"taxonomy":"category","embeddable":true,"href":"https:\/\/tvc16.com\/portal\/wp-json\/wp\/v2\/categories?post=100143"},{"taxonomy":"post_tag","embeddable":true,"href":"https:\/\/tvc16.com\/portal\/wp-json\/wp\/v2\/tags?post=100143"}],"curies":[{"name":"wp","href":"https:\/\/api.w.org\/{rel}","templated":true}]}}