{"id":100149,"date":"2025-03-05T05:00:00","date_gmt":"2025-03-05T08:00:00","guid":{"rendered":"https:\/\/tvc16.com\/portal\/?p=100149"},"modified":"2025-03-04T14:42:54","modified_gmt":"2025-03-04T17:42:54","slug":"camara-aprova-projeto-de-lei-que-institui-o-dia-municipal-do-extensionista-rural","status":"publish","type":"post","link":"https:\/\/tvc16.com\/portal\/2025\/03\/05\/camara-aprova-projeto-de-lei-que-institui-o-dia-municipal-do-extensionista-rural\/","title":{"rendered":"C\u00e2mara aprova Projeto de Lei que Institui o Dia Municipal do Extensionista Rural"},"content":{"rendered":"\n<p>A C\u00e2mara Municipal de Petr\u00f3polis aprovou, no dia 26 de fevereiro, o Projeto de Lei 0058\/2024, de autoria do vereador J\u00fanior Paix\u00e3o, que institui o Dia Municipal do Extensionista Rural, a ser comemorado anualmente no dia 06 de dezembro.<\/p>\n\n\n\n<p>A data faz refer\u00eancia ao dia 06 de dezembro de 1948, quando foi inaugurada a Associa\u00e7\u00e3o de Cr\u00e9dito e Assist\u00eancia Rural de Minas Gerais, o primeiro servi\u00e7o de assist\u00eancia t\u00e9cnica e extens\u00e3o rural brasileiro.<\/p>\n\n\n\n<p>J\u00fanior Paix\u00e3o considera importante a valoriza\u00e7\u00e3o dos profissionais deste ramo, que s\u00e3o elo entre a pesquisa, o suporte t\u00e9cnico, as pol\u00edticas p\u00fablicas e o produtor rural, garantindo a aplica\u00e7\u00e3o de pr\u00e1ticas sustent\u00e1veis, o aumento da produtividade e a melhoria da qualidade de vida nos estabelecimentos rurais.<\/p>\n\n\n\n<p>\u201cO extensionista rural exerce papel important\u00edssimo junto ao produtor rural, levando informa\u00e7\u00e3o, apoio, capacita\u00e7\u00e3o e toda uma gama de servi\u00e7os necess\u00e1rios ao desenvolvimento da produ\u00e7\u00e3o rural\u201d, afirma o vereador.<\/p>\n\n\n\n<p>O projeto segue agora para an\u00e1lise por parte do Poder Executivo.<\/p>\n\n\n\n<p>Foto: arquivo TVC<\/p>\n","protected":false},"excerpt":{"rendered":"<p>A C\u00e2mara Municipal de Petr\u00f3polis aprovou, no dia 26 de fevereiro, o Projeto de Lei<\/p>\n","protected":false},"author":2,"featured_media":77330,"comment_status":"open","ping_status":"open","sticky":false,"template":"","format":"standard","meta":{"footnotes":""},"categories":[12],"tags":[],"class_list":["post-100149","post","type-post","status-publish","format-standard","has-post-thumbnail","hentry","category-cidade"],"_links":{"self":[{"href":"https:\/\/tvc16.com\/portal\/wp-json\/wp\/v2\/posts\/100149","targetHints":{"allow":["GET"]}}],"collection":[{"href":"https:\/\/tvc16.com\/portal\/wp-json\/wp\/v2\/posts"}],"about":[{"href":"https:\/\/tvc16.com\/portal\/wp-json\/wp\/v2\/types\/post"}],"author":[{"embeddable":true,"href":"https:\/\/tvc16.com\/portal\/wp-json\/wp\/v2\/users\/2"}],"replies":[{"embeddable":true,"href":"https:\/\/tvc16.com\/portal\/wp-json\/wp\/v2\/comments?post=100149"}],"version-history":[{"count":1,"href":"https:\/\/tvc16.com\/portal\/wp-json\/wp\/v2\/posts\/100149\/revisions"}],"predecessor-version":[{"id":100150,"href":"https:\/\/tvc16.com\/portal\/wp-json\/wp\/v2\/posts\/100149\/revisions\/100150"}],"wp:featuredmedia":[{"embeddable":true,"href":"https:\/\/tvc16.com\/portal\/wp-json\/wp\/v2\/media\/77330"}],"wp:attachment":[{"href":"https:\/\/tvc16.com\/portal\/wp-json\/wp\/v2\/media?parent=100149"}],"wp:term":[{"taxonomy":"category","embeddable":true,"href":"https:\/\/tvc16.com\/portal\/wp-json\/wp\/v2\/categories?post=100149"},{"taxonomy":"post_tag","embeddable":true,"href":"https:\/\/tvc16.com\/portal\/wp-json\/wp\/v2\/tags?post=100149"}],"curies":[{"name":"wp","href":"https:\/\/api.w.org\/{rel}","templated":true}]}}