{"id":100151,"date":"2025-03-05T05:00:00","date_gmt":"2025-03-05T08:00:00","guid":{"rendered":"https:\/\/tvc16.com\/portal\/?p=100151"},"modified":"2025-03-04T15:30:28","modified_gmt":"2025-03-04T18:30:28","slug":"policia-militar-apreende-mais-de-130-facas-alicates-e-estiletes-durante-revista-em-blocos-de-rua","status":"publish","type":"post","link":"https:\/\/tvc16.com\/portal\/2025\/03\/05\/policia-militar-apreende-mais-de-130-facas-alicates-e-estiletes-durante-revista-em-blocos-de-rua\/","title":{"rendered":"Pol\u00edcia Militar apreende mais de 130\u00a0facas, alicates e estiletes durante revista em blocos de rua"},"content":{"rendered":"\n<p>Entre s\u00e1bado (01\/03) e esta ter\u00e7a-feira (04\/03), a Pol\u00edcia Militar apreendeu\u00a0mais de 130 materiais perfurocortantes, como facas, alicates e estiletes nas\u00a0a\u00e7\u00f5es de revista nos blocos de rua na cidade do Rio de Janeiro.\u00a0Na segunda-feira (03\/03), os\u00a0militares prenderam ainda dois homens no entorno do Samb\u00f3dromo: um por furto de aparelho celular e o outro com um mandado de pris\u00e3o em aberto por n\u00e3o pagamento de pens\u00e3o aliment\u00edcia.<\/p>\n\n\n\n<p>&#8211;&nbsp;A atua\u00e7\u00e3o firme da PM durante o Carnaval refor\u00e7a o nosso compromisso com a seguran\u00e7a da popula\u00e7\u00e3o. A apreens\u00e3o de mais de 130 materiais perfurocortantes e as pris\u00f5es realizadas demonstram a import\u00e2ncia do trabalho preventivo e da vigil\u00e2ncia constante nos blocos e no entorno do Samb\u00f3dromo. Seguiremos investindo em estrat\u00e9gias e no refor\u00e7o do policiamento para garantir que os foli\u00f5es possam aproveitar a festa com tranquilidade e seguran\u00e7a&nbsp;\u2013 destacou o governador Cl\u00e1udio Castro.<\/p>\n\n\n\n<p>Agentes do 23\u00b0 Batalh\u00e3o de Pol\u00edcia&nbsp;(Leblon) conseguiram desarticular tamb\u00e9m uma quadrilha especializada em furto de celulares, durante a apresenta\u00e7\u00e3o dos blocos. Ao todo, 17 telefones foram recuperados e quatro pessoas foram conduzidas \u00e0 delegacia.<\/p>\n\n\n\n<p>Na Zona Sul, uma a\u00e7\u00e3o conjunta da Subsecretaria de Intelig\u00eancia da PM e do Grupo de Atua\u00e7\u00e3o e Combate ao Crime Organizado de Minas Gerais resultou na pris\u00e3o de um foragido da Justi\u00e7a por praticar roubos a joalherias, no munic\u00edpio de Cataguases, em Minas Gerais.<\/p>\n\n\n\n<p>Foto: divulga\u00e7\u00e3o <\/p>\n","protected":false},"excerpt":{"rendered":"<p>Entre s\u00e1bado (01\/03) e esta ter\u00e7a-feira (04\/03), a Pol\u00edcia Militar apreendeu\u00a0mais de 130 materiais perfurocortantes,<\/p>\n","protected":false},"author":2,"featured_media":100152,"comment_status":"open","ping_status":"open","sticky":false,"template":"","format":"standard","meta":{"footnotes":""},"categories":[17],"tags":[],"class_list":["post-100151","post","type-post","status-publish","format-standard","has-post-thumbnail","hentry","category-outras-noticias"],"_links":{"self":[{"href":"https:\/\/tvc16.com\/portal\/wp-json\/wp\/v2\/posts\/100151","targetHints":{"allow":["GET"]}}],"collection":[{"href":"https:\/\/tvc16.com\/portal\/wp-json\/wp\/v2\/posts"}],"about":[{"href":"https:\/\/tvc16.com\/portal\/wp-json\/wp\/v2\/types\/post"}],"author":[{"embeddable":true,"href":"https:\/\/tvc16.com\/portal\/wp-json\/wp\/v2\/users\/2"}],"replies":[{"embeddable":true,"href":"https:\/\/tvc16.com\/portal\/wp-json\/wp\/v2\/comments?post=100151"}],"version-history":[{"count":1,"href":"https:\/\/tvc16.com\/portal\/wp-json\/wp\/v2\/posts\/100151\/revisions"}],"predecessor-version":[{"id":100153,"href":"https:\/\/tvc16.com\/portal\/wp-json\/wp\/v2\/posts\/100151\/revisions\/100153"}],"wp:featuredmedia":[{"embeddable":true,"href":"https:\/\/tvc16.com\/portal\/wp-json\/wp\/v2\/media\/100152"}],"wp:attachment":[{"href":"https:\/\/tvc16.com\/portal\/wp-json\/wp\/v2\/media?parent=100151"}],"wp:term":[{"taxonomy":"category","embeddable":true,"href":"https:\/\/tvc16.com\/portal\/wp-json\/wp\/v2\/categories?post=100151"},{"taxonomy":"post_tag","embeddable":true,"href":"https:\/\/tvc16.com\/portal\/wp-json\/wp\/v2\/tags?post=100151"}],"curies":[{"name":"wp","href":"https:\/\/api.w.org\/{rel}","templated":true}]}}