{"id":100154,"date":"2025-03-05T08:11:31","date_gmt":"2025-03-05T11:11:31","guid":{"rendered":"https:\/\/tvc16.com\/portal\/?p=100154"},"modified":"2025-03-05T08:11:33","modified_gmt":"2025-03-05T11:11:33","slug":"governo-do-estado-chega-a-marca-de-500-prisoes-realizadas-com-auxilio-da-tecnologia-de-reconhecimento-facial","status":"publish","type":"post","link":"https:\/\/tvc16.com\/portal\/2025\/03\/05\/governo-do-estado-chega-a-marca-de-500-prisoes-realizadas-com-auxilio-da-tecnologia-de-reconhecimento-facial\/","title":{"rendered":"Governo do Estado chega \u00e0 marca de 500 pris\u00f5es realizadas com aux\u00edlio da tecnologia de reconhecimento facial"},"content":{"rendered":"\n<p><em>Inaugurado no R\u00e9veillon de 2024, o sistema ajuda a Pol\u00edcia Militar a capturar foragidos da Justi\u00e7a<\/em><\/p>\n\n\n\n<p>A Pol\u00edcia Militar alcan\u00e7ou a marca de 500 pris\u00f5es realizadas por meio do sistema de reconhecimento facial. O n\u00famero foi atingido nesta ter\u00e7a-feira de Carnaval (04\/03), nas proximidades do Samb\u00f3dromo, por policiais militares da Diretoria de Tecnologia, que prenderam um homem com mandado de pris\u00e3o em aberto pelo crime de roubo. A c\u00e2mera utilizada pelos agentes para a pris\u00e3o faz parte do refor\u00e7o da Secretaria de Governo, que instalou 10 torres de seguran\u00e7a com o sistema nos arredores da Sapuca\u00ed.<\/p>\n\n\n\n<p>-Essa a\u00e7\u00e3o corrobora com o investimento do Estado em tecnologia, como tamb\u00e9m em policiais capacitados e treinados para promover um trabalho de excel\u00eancia, garantindo a seguran\u00e7a da popula\u00e7\u00e3o. A marca de 500 pris\u00f5es realizadas por meio do sistema de reconhecimento facial demonstra o compromisso do Estado do Rio de Janeiro com a seguran\u00e7a p\u00fablica e o uso da tecnologia para fortalecer o combate ao crime \u2013 disse o governador Cl\u00e1udio Castro.<\/p>\n\n\n\n<p>O aparato tecnol\u00f3gico \u00e9 uma das ferramentas utilizadas pelas For\u00e7as de Seguran\u00e7a para o Carnaval 2025. Desde sexta-feira (28\/02), a Pol\u00edcia Militar j\u00e1 identificou 12 pessoas com mandados de pris\u00e3o em aberto, sendo cinco delas na regi\u00e3o Central do Rio de Janeiro.<\/p>\n\n\n\n<p>&#8211;&nbsp; O Governo do Estado tem investido muito em tecnologia para empreg\u00e1-la na \u00e1rea de seguran\u00e7a. Hoje, n\u00e3o h\u00e1 um local de grande concentra\u00e7\u00e3o de p\u00fablico que n\u00e3o esteja sendo monitorado &#8211; afirmou o secret\u00e1rio da Pol\u00edcia Militar, coronel Marcelo de Menezes Nogueira.<\/p>\n\n\n\n<p>O sistema de reconhecimento facial \u00e9 controlado por militares baseados no Centro Integrado de Comando e Controle (CICC), que monitoram a movimenta\u00e7\u00e3o nas \u00e1reas de desfiles de escolas de samba, blocos de rua, orla mar\u00edtima e outros pontos tur\u00edsticos, al\u00e9m de rodovias e esta\u00e7\u00f5es de transporte coletivo.<\/p>\n\n\n\n<p>O sistema de videomonitoramento urbano est\u00e1 interligado a mais de 260 mil dispositivos (c\u00e2meras e alarmes) instalados em vias p\u00fablicas em todo o territ\u00f3rio estadual. Al\u00e9m disso, as 13 mil c\u00e2meras corporais port\u00e1teis dos policiais militares tamb\u00e9m est\u00e3o ligadas ao CICC.<\/p>\n","protected":false},"excerpt":{"rendered":"<p>Inaugurado no R\u00e9veillon de 2024, o sistema ajuda a Pol\u00edcia Militar a capturar foragidos da<\/p>\n","protected":false},"author":2,"featured_media":100155,"comment_status":"open","ping_status":"open","sticky":false,"template":"","format":"standard","meta":{"footnotes":""},"categories":[17],"tags":[],"class_list":["post-100154","post","type-post","status-publish","format-standard","has-post-thumbnail","hentry","category-outras-noticias"],"_links":{"self":[{"href":"https:\/\/tvc16.com\/portal\/wp-json\/wp\/v2\/posts\/100154","targetHints":{"allow":["GET"]}}],"collection":[{"href":"https:\/\/tvc16.com\/portal\/wp-json\/wp\/v2\/posts"}],"about":[{"href":"https:\/\/tvc16.com\/portal\/wp-json\/wp\/v2\/types\/post"}],"author":[{"embeddable":true,"href":"https:\/\/tvc16.com\/portal\/wp-json\/wp\/v2\/users\/2"}],"replies":[{"embeddable":true,"href":"https:\/\/tvc16.com\/portal\/wp-json\/wp\/v2\/comments?post=100154"}],"version-history":[{"count":1,"href":"https:\/\/tvc16.com\/portal\/wp-json\/wp\/v2\/posts\/100154\/revisions"}],"predecessor-version":[{"id":100157,"href":"https:\/\/tvc16.com\/portal\/wp-json\/wp\/v2\/posts\/100154\/revisions\/100157"}],"wp:featuredmedia":[{"embeddable":true,"href":"https:\/\/tvc16.com\/portal\/wp-json\/wp\/v2\/media\/100155"}],"wp:attachment":[{"href":"https:\/\/tvc16.com\/portal\/wp-json\/wp\/v2\/media?parent=100154"}],"wp:term":[{"taxonomy":"category","embeddable":true,"href":"https:\/\/tvc16.com\/portal\/wp-json\/wp\/v2\/categories?post=100154"},{"taxonomy":"post_tag","embeddable":true,"href":"https:\/\/tvc16.com\/portal\/wp-json\/wp\/v2\/tags?post=100154"}],"curies":[{"name":"wp","href":"https:\/\/api.w.org\/{rel}","templated":true}]}}