{"id":100163,"date":"2025-03-05T09:02:01","date_gmt":"2025-03-05T12:02:01","guid":{"rendered":"https:\/\/tvc16.com\/portal\/?p=100163"},"modified":"2025-03-05T09:02:05","modified_gmt":"2025-03-05T12:02:05","slug":"campanha-alerta-sobre-uso-de-alcool-e-drogas-associado-a-direcao","status":"publish","type":"post","link":"https:\/\/tvc16.com\/portal\/2025\/03\/05\/campanha-alerta-sobre-uso-de-alcool-e-drogas-associado-a-direcao\/","title":{"rendered":"Campanha alerta sobre uso de \u00e1lcool e drogas associado \u00e0 dire\u00e7\u00e3o"},"content":{"rendered":"\n<p><em>Material educativo foi distribu\u00eddo em com\u00e9rcios de rodovias federais<\/em><\/p>\n\n\n\n<p>Por Fab\u00edola Sinimb\u00fa &#8211; Rep\u00f3rter da Ag\u00eancia Brasil \/ Foto: Divulga\u00e7\u00e3o\/PRF<br><\/p>\n\n\n\n<p><strong>A campanha direcionada aos motoristas nas estradas do pa\u00eds durante este carnaval de 2025 trouxe um alerta que vai al\u00e9m dos riscos da associa\u00e7\u00e3o do uso do \u00e1lcool com a dire\u00e7\u00e3o de ve\u00edculos.<\/strong>&nbsp;O material educativo distribu\u00eddo na forma de panfletos, cards e v\u00eddeos este ano tamb\u00e9m tratou sobre o abuso do uso de drogas e a legisla\u00e7\u00e3o vigente no pa\u00eds.<img decoding=\"async\" src=\"https:\/\/agenciabrasil.ebc.com.br\/ebc.png?id=1633149&amp;o=node\"><img decoding=\"async\" src=\"https:\/\/agenciabrasil.ebc.com.br\/ebc.gif?id=1633149&amp;o=node\"><\/p>\n\n\n\n<p><strong>A iniciativa \u00e9 resultado de uma parceria entre a Pol\u00edcia Rodovi\u00e1ria Federal e a Secretaria Nacional de Pol\u00edticas sobre Drogas e Gest\u00e3o de Ativos (Senad)<\/strong>&nbsp;anunciada durante o lan\u00e7amento da&nbsp;<a href=\"http:\/\/agenciabrasil.ebc.com.br\/geral\/noticia\/2025-02\/operacao-carnaval-inicia-amanha-para-garantir-seguranca-nas-estradas\">Opera\u00e7\u00e3o Rodovia: Carnaval 2025<\/a>&nbsp;no final de fevereiro.&nbsp;<\/p>\n\n\n\n<blockquote class=\"wp-block-quote is-layout-flow wp-block-quote-is-layout-flow\">\n<p>&#8220;A soma de esfor\u00e7os entre a PRF e a Senad \u00e9 uma demonstra\u00e7\u00e3o clara do nosso compromisso com a prote\u00e7\u00e3o da vida e com a seguran\u00e7a das pessoas&#8221;, destacou o ministro da Justi\u00e7a e Seguran\u00e7a P\u00fablica. Ricardo Lewandowski.<\/p>\n<\/blockquote>\n\n\n\n<p>O material produzido pelas institui\u00e7\u00f5es, com o tema \u201cPara o carnaval ser s\u00f3 festa, n\u00e3o misture \u00e1lcool e dire\u00e7\u00e3o\u201d, foi distribu\u00eddo nas a\u00e7\u00f5es de preven\u00e7\u00e3o de acidentes promovidas nas rodovias federais e nos pontos de venda localizados nas estradas da Bahia (BA), Distrito Federal (DF), Goi\u00e1s (GO), Minas Gerais (MG), Pernambuco (PE), Rio de Janeiro (RJ) e em Santa Catarina (SC).<\/p>\n\n\n\n<p><strong>Segundo a PRF, os estabelecimentos que aderiram \u00e0 campanha e suspenderam a venda de bebidas alco\u00f3licas nas estradas durante o carnaval, tamb\u00e9m receberam o selo Estabelecimento que Protege.&nbsp;<\/strong><\/p>\n\n\n\n<h2 class=\"wp-block-heading\">Redu\u00e7\u00e3o de danos<\/h2>\n\n\n\n<p>Em 2024, foram registrados 3.855 acidentes de tr\u00e2nsito causados pelo consumo do \u00e1lcool, com 194 mortes e 3.109 pessoas feridas nas rodovias federais, segundo dados da PRF. Mais de 4 mil pessoas foram detidas por embriaguez ao volante durante o per\u00edodo do carnaval.<\/p>\n\n\n\n<p>Para reduzir esses n\u00fameros, a campanha adotou a abordagem da redu\u00e7\u00e3o de riscos e danos, que n\u00e3o promove a abstin\u00eancia, mas refor\u00e7a a proibi\u00e7\u00e3o ao volante e as penas para quem descumpre a lei.&nbsp;<\/p>\n\n\n\n<blockquote class=\"wp-block-quote is-layout-flow wp-block-quote-is-layout-flow\">\n<p>\u201cEsses dados, por si s\u00f3, j\u00e1 mostram uma necessidade de a\u00e7\u00f5es consistentes de preven\u00e7\u00e3o e essa necessidade se intensificar justamente no Carnaval, quando temos a aceita\u00e7\u00e3o cultural do consumo do \u00e1lcool&#8221;, destacou a secret\u00e1ria Nacional de Pol\u00edticas sobre Drogas, Marta Machado.<\/p>\n<\/blockquote>\n\n\n\n<h2 class=\"wp-block-heading\">Turismo<\/h2>\n\n\n\n<p>Al\u00e9m da campanha de seguran\u00e7a no tr\u00e2nsito, foram criados e disponibilizados nas redes sociais dos dois \u00f3rg\u00e3os e das prefeituras das cidades de Salvador, Rio de Janeiro e Recife, mini guias com dicas de turismo para aproveitar o per\u00edodo de folia.<\/p>\n\n\n\n<p>As cartilhas re\u00fanem ainda informa\u00e7\u00f5es como rotas de acesso vi\u00e1rio e divulga\u00e7\u00e3o do aplicativo Celular Seguro para brasileiros e estrangeiros aproveitarem os tr\u00eas destinos mais badalados no per\u00edodo.<\/p>\n","protected":false},"excerpt":{"rendered":"<p>Material educativo foi distribu\u00eddo em com\u00e9rcios de rodovias federais Por Fab\u00edola Sinimb\u00fa &#8211; Rep\u00f3rter da<\/p>\n","protected":false},"author":2,"featured_media":100164,"comment_status":"open","ping_status":"open","sticky":false,"template":"","format":"standard","meta":{"footnotes":""},"categories":[17],"tags":[],"class_list":["post-100163","post","type-post","status-publish","format-standard","has-post-thumbnail","hentry","category-outras-noticias"],"_links":{"self":[{"href":"https:\/\/tvc16.com\/portal\/wp-json\/wp\/v2\/posts\/100163","targetHints":{"allow":["GET"]}}],"collection":[{"href":"https:\/\/tvc16.com\/portal\/wp-json\/wp\/v2\/posts"}],"about":[{"href":"https:\/\/tvc16.com\/portal\/wp-json\/wp\/v2\/types\/post"}],"author":[{"embeddable":true,"href":"https:\/\/tvc16.com\/portal\/wp-json\/wp\/v2\/users\/2"}],"replies":[{"embeddable":true,"href":"https:\/\/tvc16.com\/portal\/wp-json\/wp\/v2\/comments?post=100163"}],"version-history":[{"count":1,"href":"https:\/\/tvc16.com\/portal\/wp-json\/wp\/v2\/posts\/100163\/revisions"}],"predecessor-version":[{"id":100165,"href":"https:\/\/tvc16.com\/portal\/wp-json\/wp\/v2\/posts\/100163\/revisions\/100165"}],"wp:featuredmedia":[{"embeddable":true,"href":"https:\/\/tvc16.com\/portal\/wp-json\/wp\/v2\/media\/100164"}],"wp:attachment":[{"href":"https:\/\/tvc16.com\/portal\/wp-json\/wp\/v2\/media?parent=100163"}],"wp:term":[{"taxonomy":"category","embeddable":true,"href":"https:\/\/tvc16.com\/portal\/wp-json\/wp\/v2\/categories?post=100163"},{"taxonomy":"post_tag","embeddable":true,"href":"https:\/\/tvc16.com\/portal\/wp-json\/wp\/v2\/tags?post=100163"}],"curies":[{"name":"wp","href":"https:\/\/api.w.org\/{rel}","templated":true}]}}