{"id":100166,"date":"2025-03-05T09:08:29","date_gmt":"2025-03-05T12:08:29","guid":{"rendered":"https:\/\/tvc16.com\/portal\/?p=100166"},"modified":"2025-03-05T09:08:31","modified_gmt":"2025-03-05T12:08:31","slug":"policia-militar-prende-mais-de-400-pessoas-durante-carnaval-no-rio","status":"publish","type":"post","link":"https:\/\/tvc16.com\/portal\/2025\/03\/05\/policia-militar-prende-mais-de-400-pessoas-durante-carnaval-no-rio\/","title":{"rendered":"Pol\u00edcia Militar prende mais de 400 pessoas durante carnaval no Rio"},"content":{"rendered":"\n<p><em>Policiais tamb\u00e9m apreenderam mais de 200 itens cortantes<\/em><\/p>\n\n\n\n<p>Por Vitor Abdala &#8211; Rep\u00f3rter da Ag\u00eancia Brasil \/ Foto: T\u00e2nia R\u00eago\/Ag\u00eancia Brasil<\/p>\n\n\n\n<p><\/p>\n\n\n\n<p>A Pol\u00edcia Militar (PM) prendeu mais de 400 pessoas entre sexta-feira (28) e ter\u00e7a-feira (4), em a\u00e7\u00f5es para garantir a seguran\u00e7a do carnaval no estado do Rio de Janeiro. Entre as pris\u00f5es, 52 foram em cumprimento a&nbsp;mandados de pris\u00e3o. C\u00e2meras de reconhecimento facial auxiliaram na identifica\u00e7\u00e3o de 12 dessas pessoas.<img decoding=\"async\" src=\"https:\/\/agenciabrasil.ebc.com.br\/ebc.png?id=1633294&amp;o=node\"><img decoding=\"async\" src=\"https:\/\/agenciabrasil.ebc.com.br\/ebc.gif?id=1633294&amp;o=node\"><\/p>\n\n\n\n<p>Al\u00e9m das pris\u00f5es, foram feitas apreens\u00f5es de 58 adolescentes. Nas a\u00e7\u00f5es de revista feitas na entrada do Samb\u00f3dromo e dos megablocos, foram apreendidos 213 facas e outros itens perfurocortantes.<\/p>\n\n\n\n<blockquote class=\"wp-block-quote is-layout-flow wp-block-quote-is-layout-flow\">\n<p>\u201cConsiderando o volume de pessoas, uma expectativa de 8 milh\u00f5es no estado, em especial na cidade do Rio, onde 6 milh\u00f5es circularam por blocos, houve um planejamento muito importante da Pol\u00edcia Militar, utilizando esquemas como bloqueios de revista e utiliza\u00e7\u00e3o de reconhecimento facial\u201d, afirmou a porta-voz da PM, tenente-coronel Cl\u00e1udia Moraes.<\/p>\n<\/blockquote>\n\n\n\n<p>O esquema de seguran\u00e7a contou ainda com tr\u00eas carros de comando e controle da PM, que foram usados como centros de recep\u00e7\u00e3o de imagens em tempo real. No total, 260 mil c\u00e2meras e alarmes, al\u00e9m de 13 mil c\u00e2meras corporais instaladas em fardas de policiais, est\u00e3o interligadas com esses carros e com o Centro Integrado de Comando e Controle (CICC).<\/p>\n\n\n\n<p>Segundo a porta-voz da PM, apesar de o balan\u00e7o das pris\u00f5es ainda n\u00e3o ter sido conclu\u00eddo, grande parte das pris\u00f5es foi motivada por furtos. Uma das ocorr\u00eancias de maior&nbsp;gravidade foi o assassinato de dois homens, em um bate-bola, na sexta-feira (28), em Madureira, na zona norte da cidade.<\/p>\n\n\n\n<blockquote class=\"wp-block-quote is-layout-flow wp-block-quote-is-layout-flow\">\n<p>\u201cOs bate-bolas s\u00e3o uma manifesta\u00e7\u00e3o cultural da cidade da zona norte, mas infelizmente criminosos se infiltram nesses grupos\u201d, destaca a porta-voz. Segundo a Pol\u00edcia Militar, dez criminosos infiltrados em grupos de bate-bolas foram presos.<\/p>\n<\/blockquote>\n\n\n\n<p><strong>O esquema de seguran\u00e7a do carnaval continua at\u00e9 domingo (9), uma vez que ainda est\u00e3o previstos mais de 40 blocos pela cidade do Rio, al\u00e9m do desfile das escolas de samba campe\u00e3s, no Samb\u00f3dromo, entre a noite de s\u00e1bado (8) e a madrugada de domingo.<\/strong><br><\/p>\n","protected":false},"excerpt":{"rendered":"<p>Policiais tamb\u00e9m apreenderam mais de 200 itens cortantes Por Vitor Abdala &#8211; Rep\u00f3rter da Ag\u00eancia<\/p>\n","protected":false},"author":2,"featured_media":100167,"comment_status":"open","ping_status":"open","sticky":false,"template":"","format":"standard","meta":{"footnotes":""},"categories":[17],"tags":[],"class_list":["post-100166","post","type-post","status-publish","format-standard","has-post-thumbnail","hentry","category-outras-noticias"],"_links":{"self":[{"href":"https:\/\/tvc16.com\/portal\/wp-json\/wp\/v2\/posts\/100166","targetHints":{"allow":["GET"]}}],"collection":[{"href":"https:\/\/tvc16.com\/portal\/wp-json\/wp\/v2\/posts"}],"about":[{"href":"https:\/\/tvc16.com\/portal\/wp-json\/wp\/v2\/types\/post"}],"author":[{"embeddable":true,"href":"https:\/\/tvc16.com\/portal\/wp-json\/wp\/v2\/users\/2"}],"replies":[{"embeddable":true,"href":"https:\/\/tvc16.com\/portal\/wp-json\/wp\/v2\/comments?post=100166"}],"version-history":[{"count":1,"href":"https:\/\/tvc16.com\/portal\/wp-json\/wp\/v2\/posts\/100166\/revisions"}],"predecessor-version":[{"id":100168,"href":"https:\/\/tvc16.com\/portal\/wp-json\/wp\/v2\/posts\/100166\/revisions\/100168"}],"wp:featuredmedia":[{"embeddable":true,"href":"https:\/\/tvc16.com\/portal\/wp-json\/wp\/v2\/media\/100167"}],"wp:attachment":[{"href":"https:\/\/tvc16.com\/portal\/wp-json\/wp\/v2\/media?parent=100166"}],"wp:term":[{"taxonomy":"category","embeddable":true,"href":"https:\/\/tvc16.com\/portal\/wp-json\/wp\/v2\/categories?post=100166"},{"taxonomy":"post_tag","embeddable":true,"href":"https:\/\/tvc16.com\/portal\/wp-json\/wp\/v2\/tags?post=100166"}],"curies":[{"name":"wp","href":"https:\/\/api.w.org\/{rel}","templated":true}]}}