{"id":100169,"date":"2025-03-05T09:16:09","date_gmt":"2025-03-05T12:16:09","guid":{"rendered":"https:\/\/tvc16.com\/portal\/?p=100169"},"modified":"2025-03-05T09:18:55","modified_gmt":"2025-03-05T12:18:55","slug":"campea-das-escolas-de-samba-do-rio-sera-conhecida-nesta-quarta-feira","status":"publish","type":"post","link":"https:\/\/tvc16.com\/portal\/2025\/03\/05\/campea-das-escolas-de-samba-do-rio-sera-conhecida-nesta-quarta-feira\/","title":{"rendered":"Campe\u00e3 das escolas de samba do Rio ser\u00e1 conhecida nesta quarta-feira"},"content":{"rendered":"\n<p><em>Notas de 36 jurados ir\u00e3o analisar nove quesitos<\/em><\/p>\n\n\n\n<p>Por Douglas Corr\u00eaa &#8211; Rep\u00f3rter da Ag\u00eancia Brasil \/ Foto: Tomaz Silva\/Ag\u00eancia Brasil<\/p>\n\n\n\n<p><\/p>\n\n\n\n<p><strong>A campe\u00e3 do desfile das 12 escolas de samba da Liga Especial das Escolas de Samba do Rio (Liesa), ser\u00e1 conhecida nesta quarta-feira (5), a partir das 15h, na Cidade do Samba<\/strong>, zona portu\u00e1ria do Rio. Nesse ano, pela primeira vez, o&nbsp;<a href=\"http:\/\/agenciabrasil.ebc.com.br\/geral\/noticia\/2025-02\/rio-mocidade-paraiso-do-tuiuti-grande-rio-e-portela-fecham-desfiles\">desfile ocorreu em tr\u00eas dias<\/a>, com quatro escolas se apresentando em cada dia. Antes, o desfile ocorria em dois dias, com seis escolas desfilando por noite.<img decoding=\"async\" src=\"https:\/\/agenciabrasil.ebc.com.br\/ebc.png?id=1633118&amp;o=node\"><img decoding=\"async\" src=\"https:\/\/agenciabrasil.ebc.com.br\/ebc.gif?id=1633118&amp;o=node\"><\/p>\n\n\n\n<p><strong>As notas de 36 jurados que analisar\u00e3o nove quesitos definir\u00e3o a escola vencedora do carnaval deste ano.&nbsp;<\/strong>A nota mais baixa de cada jurado ser\u00e1 descartada.&nbsp;<\/p>\n\n\n\n<p><strong>Os quesitos em julgamento s\u00e3o os seguintes:&nbsp;<\/strong><\/p>\n\n\n\n<ul class=\"wp-block-list\">\n<li>bateria,\u00a0<\/li>\n\n\n\n<li>samba-enredo,\u00a0<\/li>\n\n\n\n<li>harmonia, evolu\u00e7\u00e3o,\u00a0<\/li>\n\n\n\n<li>enredo,\u00a0<\/li>\n\n\n\n<li>alegorias e adere\u00e7os,\u00a0<\/li>\n\n\n\n<li>fantasias,\u00a0<\/li>\n\n\n\n<li>comiss\u00e3o de frente e\u00a0<\/li>\n\n\n\n<li>mestre-sala e porta-bandeira.<\/li>\n<\/ul>\n\n\n\n<h2 class=\"wp-block-heading\">Regulamento<\/h2>\n\n\n\n<p><strong>A ordem da leitura dos quesitos ser\u00e1 definida nesta quarta-feira, em reuni\u00e3o que ser\u00e1 realizada na sede da Liesa, entre 12h e 13h30<\/strong>.&nbsp; O regulamento da Liesa determina que o tempo de dura\u00e7\u00e3o do desfile de cada escola de samba ser\u00e1 de, no m\u00ednimo, 70 minutos e, no m\u00e1ximo, 80 minutos.&nbsp;<\/p>\n\n\n\n<p>Haver\u00e1 perda de 0,1 (um d\u00e9cimo) de ponto para cada minuto n\u00e3o utilizado em seu desfile, quando este tempo for inferior a 70 (setenta) minutos. Tamb\u00e9m h\u00e1 perda de 0,1 (um d\u00e9cimo) de ponto para cada minuto excedente, quando o tempo de desfile for superior a 80 (oitenta) minutos.<\/p>\n\n\n\n<p><strong>As seis primeiras colocadas voltam \u00e0 Marqu\u00eas de Sapuca\u00ed, no pr\u00f3ximo s\u00e1bado (8), no desfile das campe\u00e3s<\/strong>. A escola com nota mais baixa ser\u00e1 rebaixada e vai desfilar na S\u00e9rie Outro, de acesso, em 2026.&nbsp;<\/p>\n\n\n\n<p>J\u00e1 a campe\u00e3 do grupo de acesso sobe e vai desfilar na elite do carnaval carioca no ano que vem.<br><\/p>\n","protected":false},"excerpt":{"rendered":"<p>Notas de 36 jurados ir\u00e3o analisar nove quesitos Por Douglas Corr\u00eaa &#8211; Rep\u00f3rter da Ag\u00eancia<\/p>\n","protected":false},"author":2,"featured_media":100170,"comment_status":"open","ping_status":"open","sticky":false,"template":"","format":"standard","meta":{"footnotes":""},"categories":[17],"tags":[],"class_list":["post-100169","post","type-post","status-publish","format-standard","has-post-thumbnail","hentry","category-outras-noticias"],"_links":{"self":[{"href":"https:\/\/tvc16.com\/portal\/wp-json\/wp\/v2\/posts\/100169","targetHints":{"allow":["GET"]}}],"collection":[{"href":"https:\/\/tvc16.com\/portal\/wp-json\/wp\/v2\/posts"}],"about":[{"href":"https:\/\/tvc16.com\/portal\/wp-json\/wp\/v2\/types\/post"}],"author":[{"embeddable":true,"href":"https:\/\/tvc16.com\/portal\/wp-json\/wp\/v2\/users\/2"}],"replies":[{"embeddable":true,"href":"https:\/\/tvc16.com\/portal\/wp-json\/wp\/v2\/comments?post=100169"}],"version-history":[{"count":1,"href":"https:\/\/tvc16.com\/portal\/wp-json\/wp\/v2\/posts\/100169\/revisions"}],"predecessor-version":[{"id":100171,"href":"https:\/\/tvc16.com\/portal\/wp-json\/wp\/v2\/posts\/100169\/revisions\/100171"}],"wp:featuredmedia":[{"embeddable":true,"href":"https:\/\/tvc16.com\/portal\/wp-json\/wp\/v2\/media\/100170"}],"wp:attachment":[{"href":"https:\/\/tvc16.com\/portal\/wp-json\/wp\/v2\/media?parent=100169"}],"wp:term":[{"taxonomy":"category","embeddable":true,"href":"https:\/\/tvc16.com\/portal\/wp-json\/wp\/v2\/categories?post=100169"},{"taxonomy":"post_tag","embeddable":true,"href":"https:\/\/tvc16.com\/portal\/wp-json\/wp\/v2\/tags?post=100169"}],"curies":[{"name":"wp","href":"https:\/\/api.w.org\/{rel}","templated":true}]}}