{"id":100172,"date":"2025-03-05T10:00:45","date_gmt":"2025-03-05T13:00:45","guid":{"rendered":"https:\/\/tvc16.com\/portal\/?p=100172"},"modified":"2025-03-05T10:00:49","modified_gmt":"2025-03-05T13:00:49","slug":"duo-joao-e-maria-celebra-as-vozes-femininas-da-mpb-em-show-especial-no-dia-internacional-da-mulher","status":"publish","type":"post","link":"https:\/\/tvc16.com\/portal\/2025\/03\/05\/duo-joao-e-maria-celebra-as-vozes-femininas-da-mpb-em-show-especial-no-dia-internacional-da-mulher\/","title":{"rendered":"Duo Jo\u00e3o e Maria celebra as vozes femininas da MPB em show especial no Dia Internacional da Mulher"},"content":{"rendered":"\n<p><em>Evento gratuito acontece no Shopping Vilarejo, em Itaipava<\/em><em><\/em><\/p>\n\n\n\n<p>No Dia Internacional da Mulher, celebramos aquelas que transformam o mundo com sua for\u00e7a, arte e sensibilidade. E nada melhor do que a m\u00fasica para ecoar suas vozes e hist\u00f3ria. Por isso, neste dia, a m\u00fasica ser\u00e1 delas. Vozes, versos e melodias que atravessam gera\u00e7\u00f5es ecoar\u00e3o em uma homenagem emocionante e cheia de ritmo. O duo &#8220;Jo\u00e3o e Maria&#8221;, formado pelos m\u00fasicos Jo\u00e3o Victor Ramos e Maria Swenson, apresenta um show dedicado \u00e0s mulheres que marcaram a hist\u00f3ria da M\u00fasica Popular Brasileira. A apresenta\u00e7\u00e3o gratuita acontece no dia 8 de mar\u00e7o, \u00e0s 18h, na Pra\u00e7a do Sol, no Shopping Vilarejo, em Itaipava.<\/p>\n\n\n\n<p>A proposta do duo \u00e9 reviver grandes sucessos compostos e interpretados por mulheres, resgatando a for\u00e7a e a pot\u00eancia feminina na m\u00fasica brasileira. O repert\u00f3rio transita por nomes ic\u00f4nicos como Beth Carvalho, Alcione, Clara Nunes, Dona Ivone Lara, Elis Regina e muitas outras. Com arranjos envolventes de viol\u00e3o, flauta e percuss\u00e3o, a dupla convida o p\u00fablico a celebrar a ess\u00eancia e a poesia dessas artistas.<\/p>\n\n\n\n<p>&#8220;A ideia desse projeto \u00e9 dar protagonismo \u00e0s mulheres da MPB e mostrar como suas can\u00e7\u00f5es ainda reverberam e inspiram novas gera\u00e7\u00f5es. \u00c9 um privil\u00e9gio interpretar esse repert\u00f3rio t\u00e3o rico e essencial, principalmente sendo mulher.&#8221;, comenta Maria Swenson, cantora e instrumentista do duo, que come\u00e7ou no mundo da m\u00fasica aos 6 anos de idade.<\/p>\n\n\n\n<p>Jo\u00e3o Victor Ramos, que vem de uma fam\u00edlia de m\u00fasicos e cresceu cercado pelo som do cavaquinho e do viol\u00e3o, refor\u00e7a a import\u00e2ncia do show. &#8220;Desde crian\u00e7a, fui influenciado por grandes artistas femininas da MPB. Elas sempre tiveram um papel fundamental na m\u00fasica brasileira, e \u00e9 uma honra poder prestar essa homenagem\u201d, explica.<\/p>\n\n\n\n<p>Para Tiago Corr\u00eaa, administrador do Shopping Vilarejo, o evento simboliza a identidade cultural do espa\u00e7o e sua conex\u00e3o com o p\u00fablico. &#8220;A Pra\u00e7a do Sol recebe shows que encantam e emocionam. Neste Dia das Mulheres, o Duo Jo\u00e3o e Maria traz uma apresenta\u00e7\u00e3o que reflete a grandiosidade e o talento das vozes femininas na m\u00fasica brasileira. Estamos muito felizes em proporcionar essa experi\u00eancia ao nosso p\u00fablico\u201d, destaca.<\/p>\n\n\n\n<p><strong>Servi\u00e7o: Duo Jo\u00e3o e Maria<\/strong><\/p>\n\n\n\n<p><strong>Dia Internacional da Mulher&nbsp;<\/strong><strong><\/strong><strong><\/strong><\/p>\n\n\n\n<p><br><img decoding=\"async\" alt=\"\ud83d\udcc5\" src=\"https:\/\/fonts.gstatic.com\/s\/e\/notoemoji\/16.0\/1f4c5\/32.png\">&nbsp;<strong>Data<\/strong>: 8 de mar\u00e7o\/s\u00e1bado<\/p>\n\n\n\n<p><img decoding=\"async\" alt=\"\ud83d\udd52\" src=\"https:\/\/fonts.gstatic.com\/s\/e\/notoemoji\/16.0\/1f552\/32.png\">&nbsp;<strong>Hor\u00e1rio:&nbsp;<\/strong>18h<\/p>\n\n\n\n<p><img decoding=\"async\" alt=\"\ud83c\udf9f\" src=\"https:\/\/fonts.gstatic.com\/s\/e\/notoemoji\/16.0\/1f39f\/32.png\">&nbsp;<strong>Entrada<\/strong>: Gratuita<\/p>\n\n\n\n<p><br><img decoding=\"async\" alt=\"\ud83d\udccd\" src=\"https:\/\/fonts.gstatic.com\/s\/e\/notoemoji\/16.0\/1f4cd\/32.png\">&nbsp;<strong>Local<\/strong>: Shopping Vilarejo \u2013 Estrada Uni\u00e3o e Ind\u00fastria, 10.035 \u2013 Itaipava<br><\/p>\n\n\n\n<p><strong>Hor\u00e1rio de funcionamento do shopping:<\/strong><\/p>\n\n\n\n<ul class=\"wp-block-list\">\n<li><strong>Ter\u00e7a-feira<\/strong>: 14h \u00e0s 19h<\/li>\n\n\n\n<li><strong>Quarta a Sexta-feira<\/strong>: 10h \u00e0s 19h<\/li>\n\n\n\n<li><strong>S\u00e1bado<\/strong>: 10h \u00e0s 20h<\/li>\n\n\n\n<li><strong>Domingo<\/strong>: 10h \u00e0s 18h<\/li>\n<\/ul>\n\n\n\n<p><img decoding=\"async\" alt=\"\ud83d\udcf2\" src=\"https:\/\/fonts.gstatic.com\/s\/e\/notoemoji\/16.0\/1f4f2\/32.png\">&nbsp;<strong>Mais informa\u00e7\u00f5es<\/strong>: @shoppingvilarejo no Instagram<\/p>\n","protected":false},"excerpt":{"rendered":"<p>Evento gratuito acontece no Shopping Vilarejo, em Itaipava No Dia Internacional da Mulher, celebramos aquelas<\/p>\n","protected":false},"author":2,"featured_media":100173,"comment_status":"open","ping_status":"open","sticky":false,"template":"","format":"standard","meta":{"footnotes":""},"categories":[12],"tags":[],"class_list":["post-100172","post","type-post","status-publish","format-standard","has-post-thumbnail","hentry","category-cidade"],"_links":{"self":[{"href":"https:\/\/tvc16.com\/portal\/wp-json\/wp\/v2\/posts\/100172","targetHints":{"allow":["GET"]}}],"collection":[{"href":"https:\/\/tvc16.com\/portal\/wp-json\/wp\/v2\/posts"}],"about":[{"href":"https:\/\/tvc16.com\/portal\/wp-json\/wp\/v2\/types\/post"}],"author":[{"embeddable":true,"href":"https:\/\/tvc16.com\/portal\/wp-json\/wp\/v2\/users\/2"}],"replies":[{"embeddable":true,"href":"https:\/\/tvc16.com\/portal\/wp-json\/wp\/v2\/comments?post=100172"}],"version-history":[{"count":1,"href":"https:\/\/tvc16.com\/portal\/wp-json\/wp\/v2\/posts\/100172\/revisions"}],"predecessor-version":[{"id":100174,"href":"https:\/\/tvc16.com\/portal\/wp-json\/wp\/v2\/posts\/100172\/revisions\/100174"}],"wp:featuredmedia":[{"embeddable":true,"href":"https:\/\/tvc16.com\/portal\/wp-json\/wp\/v2\/media\/100173"}],"wp:attachment":[{"href":"https:\/\/tvc16.com\/portal\/wp-json\/wp\/v2\/media?parent=100172"}],"wp:term":[{"taxonomy":"category","embeddable":true,"href":"https:\/\/tvc16.com\/portal\/wp-json\/wp\/v2\/categories?post=100172"},{"taxonomy":"post_tag","embeddable":true,"href":"https:\/\/tvc16.com\/portal\/wp-json\/wp\/v2\/tags?post=100172"}],"curies":[{"name":"wp","href":"https:\/\/api.w.org\/{rel}","templated":true}]}}