{"id":100175,"date":"2025-03-05T10:28:39","date_gmt":"2025-03-05T13:28:39","guid":{"rendered":"https:\/\/tvc16.com\/portal\/?p=100175"},"modified":"2025-03-05T10:28:41","modified_gmt":"2025-03-05T13:28:41","slug":"folia-imperial-2025-chega-ao-fim-com-muita-alegria-e-seguranca","status":"publish","type":"post","link":"https:\/\/tvc16.com\/portal\/2025\/03\/05\/folia-imperial-2025-chega-ao-fim-com-muita-alegria-e-seguranca\/","title":{"rendered":"Folia Imperial 2025 chega ao fim com muita alegria e seguran\u00e7a"},"content":{"rendered":"\n<p><em>Com seguran\u00e7a refor\u00e7ada, folia atrai moradores e visitantes para os pontos tur\u00edsticos<\/em><\/p>\n\n\n\n<p><em>Carnaval tamb\u00e9m gerou mais de 1.600 empregos indiretos e fortaleceu o com\u00e9rcio da cidade<\/em><\/p>\n\n\n\n<p>Terminou ontem um Carnaval que h\u00e1 muito tempo n\u00e3o se via em Petr\u00f3polis. Durante oito dias, a cidade foi palco da Folia Imperial 2025, com mais de 60 eventos espalhados por 14 bairros. A programa\u00e7\u00e3o valorizou a cultura local, garantiu seguran\u00e7a para os foli\u00f5es e proporcionou op\u00e7\u00f5es de lazer tanto para as fam\u00edlias petropolitanas quanto para os turistas que escolheram o munic\u00edpio para curtir o Carnaval. Durante toda a programa\u00e7\u00e3o, os foli\u00f5es aproveitaram diversas atra\u00e7\u00f5es espalhadas pelos distritos e pelo Centro Hist\u00f3rico.<\/p>\n\n\n\n<p>O prefeito Hingo Hammes destacou a diversidade e o equil\u00edbrio do evento. \u201cOrganizamos uma programa\u00e7\u00e3o especial para todas as idades. Tivemos matin\u00eas no Parque Cremerie e no Pal\u00e1cio de Cristal, al\u00e9m de atividades em diferentes bairros e distritos. Para quem buscou um Carnaval animado e seguro, a cidade esteve preparada. Para quem preferiu descanso, n\u00e3o faltaram op\u00e7\u00f5es de lazer ao ar livre. Esse foi um Carnaval equilibrado, pensado para atender a todos\u201d.<\/p>\n\n\n\n<p>Ele tamb\u00e9m ressaltou o impacto econ\u00f4mico da folia. \u201cA festa movimentou a economia local, gerando mais de 1.600 empregos indiretos. Durante todos os dias de folia, vimos a cidade se transformar, recebendo visitantes e fortalecendo o com\u00e9rcio e os setores de servi\u00e7o. \u00c9 dessa forma que vamos continuar trabalhando, sempre buscando atender a todos na medida certa\u201d, afirmou o prefeito.<\/p>\n\n\n\n<p>O presidente do Instituto Municipal de Cultura (IMC), Adenilson Honorato, enfatizou o planejamento para garantir um evento seguro e bem estruturado. \u201cPercorri todas as localidades e acompanhei um Carnaval organizado e tranquilo. Cada detalhe foi pensado para proporcionar \u00e0s fam\u00edlias um lazer seguro. A Prefeitura mobilizou diversas secretarias e institui\u00e7\u00f5es para dar suporte \u00e0s manifesta\u00e7\u00f5es culturais locais\u201d, aponta.<\/p>\n\n\n\n<p>Ele tamb\u00e9m falou sobre a import\u00e2ncia da valoriza\u00e7\u00e3o cultural. \u201cNosso objetivo foi criar um Carnaval que fizesse jus \u00e0 hist\u00f3ria de Petr\u00f3polis, valorizando a cultura e garantindo estrutura para que a festa acontecesse da melhor forma poss\u00edvel. O resultado foi um evento que agradou moradores e turistas, consolidando a cidade como um destino carnavalesco diverso e acolhedor\u201d, destacou Honorato.<\/p>\n\n\n\n<p>Foli\u00f5es que participaram dos eventos elogiaram a organiza\u00e7\u00e3o e a diversidade da programa\u00e7\u00e3o. Lucas Carvalho, que esteve na Pra\u00e7a da Liberdade, destacou sua satisfa\u00e7\u00e3o com as atra\u00e7\u00f5es.<\/p>\n\n\n\n<p>\u201cH\u00e1 muito tempo n\u00e3o curtia um Carnaval t\u00e3o bom em Petr\u00f3polis. Acompanhei eventos em diferentes pontos da cidade e fiquei impressionado com a qualidade da programa\u00e7\u00e3o. Desde os blocos de rua at\u00e9 os shows na Pra\u00e7a da Liberdade, tudo foi muito bem estruturado. A cidade viveu dias de alegria, com seguran\u00e7a e op\u00e7\u00f5es para todos os gostos. Fiquei feliz em ver um Carnaval t\u00e3o bem organizado, onde todo mundo pode se divertir\u201d.<\/p>\n\n\n\n<p>Na Pra\u00e7a da \u00c1guia, Claudia Rodrigues aproveitou os shows ao lado das amigas. \u201cMe diverti muito e acompanhei a programa\u00e7\u00e3o todos os dias. Foi um Carnaval vibrante, com apresenta\u00e7\u00f5es de qualidade e muita anima\u00e7\u00e3o. A estrutura montada pela Prefeitura permitiu que todos curtissem de maneira segura, e isso fez toda a diferen\u00e7a. A cada dia, encontrava algo novo para aproveitar, fosse um bloco, um show ou um evento cultural. A cidade mostrou que pode oferecer um Carnaval inesquec\u00edvel\u201d.<\/p>\n\n\n\n<p>Durante a matin\u00ea no Pal\u00e1cio de Cristal, Priscila Carvalho de Moraes levou sua filha para curtir a festa. \u201cTudo estava bem organizado e tranquilo. Me senti segura para sair com minha filha e aproveitar as atra\u00e7\u00f5es. O espa\u00e7o foi pensado para as crian\u00e7as, com muita divers\u00e3o e aten\u00e7\u00e3o \u00e0 seguran\u00e7a. Esse tipo de iniciativa \u00e9 essencial para que as fam\u00edlias possam viver o Carnaval juntas, sem preocupa\u00e7\u00e3o. Foi uma experi\u00eancia maravilhosa, e espero que se repita nos pr\u00f3ximos anos\u201d.<\/p>\n\n\n\n<p>Al\u00e9m dos eventos carnavalescos, Petr\u00f3polis atraiu visitantes interessados em descanso e contato com a natureza. A cidade ofereceu op\u00e7\u00f5es de lazer ao ar livre, como trilhas, passeios em parques e visitas a pontos hist\u00f3ricos.<\/p>\n\n\n\n<p>A seguran\u00e7a foi refor\u00e7ada em todos os pontos do evento. Equipes da CPTrans, da Guarda Civil, da Pol\u00edcia Militar e do Corpo de Bombeiros atuaram de forma integrada, garantindo a tranquilidade dos foli\u00f5es. Ambul\u00e2ncias tamb\u00e9m estiveram dispon\u00edveis para atendimentos emergenciais. Al\u00e9m disso, a Prefeitura trabalhou em parceria com o governo do Estado, por meio da Secretaria de Cultura e Economia Criativa, da Secretaria Estadual de Eventos e da Funarj, ampliando o suporte \u00e0s festividades.<\/p>\n","protected":false},"excerpt":{"rendered":"<p>Com seguran\u00e7a refor\u00e7ada, folia atrai moradores e visitantes para os pontos tur\u00edsticos Carnaval tamb\u00e9m gerou<\/p>\n","protected":false},"author":2,"featured_media":100176,"comment_status":"open","ping_status":"open","sticky":false,"template":"","format":"standard","meta":{"footnotes":""},"categories":[12],"tags":[],"class_list":["post-100175","post","type-post","status-publish","format-standard","has-post-thumbnail","hentry","category-cidade"],"_links":{"self":[{"href":"https:\/\/tvc16.com\/portal\/wp-json\/wp\/v2\/posts\/100175","targetHints":{"allow":["GET"]}}],"collection":[{"href":"https:\/\/tvc16.com\/portal\/wp-json\/wp\/v2\/posts"}],"about":[{"href":"https:\/\/tvc16.com\/portal\/wp-json\/wp\/v2\/types\/post"}],"author":[{"embeddable":true,"href":"https:\/\/tvc16.com\/portal\/wp-json\/wp\/v2\/users\/2"}],"replies":[{"embeddable":true,"href":"https:\/\/tvc16.com\/portal\/wp-json\/wp\/v2\/comments?post=100175"}],"version-history":[{"count":1,"href":"https:\/\/tvc16.com\/portal\/wp-json\/wp\/v2\/posts\/100175\/revisions"}],"predecessor-version":[{"id":100177,"href":"https:\/\/tvc16.com\/portal\/wp-json\/wp\/v2\/posts\/100175\/revisions\/100177"}],"wp:featuredmedia":[{"embeddable":true,"href":"https:\/\/tvc16.com\/portal\/wp-json\/wp\/v2\/media\/100176"}],"wp:attachment":[{"href":"https:\/\/tvc16.com\/portal\/wp-json\/wp\/v2\/media?parent=100175"}],"wp:term":[{"taxonomy":"category","embeddable":true,"href":"https:\/\/tvc16.com\/portal\/wp-json\/wp\/v2\/categories?post=100175"},{"taxonomy":"post_tag","embeddable":true,"href":"https:\/\/tvc16.com\/portal\/wp-json\/wp\/v2\/tags?post=100175"}],"curies":[{"name":"wp","href":"https:\/\/api.w.org\/{rel}","templated":true}]}}