{"id":100178,"date":"2025-03-05T11:05:18","date_gmt":"2025-03-05T14:05:18","guid":{"rendered":"https:\/\/tvc16.com\/portal\/?p=100178"},"modified":"2025-03-05T11:05:48","modified_gmt":"2025-03-05T14:05:48","slug":"rio-arquitetura-design-firma-parceria-com-a-appo-e-fortalece-rede-de-apoio-a-pacientes-oncologicos-em-petropolisinstituicao-destaca-a-importancia-de-parcerias-fixas-para-garantir-doacoes-continuas-e","status":"publish","type":"post","link":"https:\/\/tvc16.com\/portal\/2025\/03\/05\/rio-arquitetura-design-firma-parceria-com-a-appo-e-fortalece-rede-de-apoio-a-pacientes-oncologicos-em-petropolisinstituicao-destaca-a-importancia-de-parcerias-fixas-para-garantir-doacoes-continuas-e\/","title":{"rendered":"Rio Arquitetura &amp; Design firma parceria com a APPO e fortalece rede de apoio a pacientes oncol\u00f3gicos em Petr\u00f3polis"},"content":{"rendered":"\n<p><em>Institui\u00e7\u00e3o destaca a import\u00e2ncia de parcerias fixas para garantir doa\u00e7\u00f5es cont\u00ednuas e sustent\u00e1veis<\/em><\/p>\n\n\n\n<p>A chegada da Rio Arquitetura &amp; Design (RAD) a Petr\u00f3polis marca n\u00e3o apenas uma nova fase para o setor de arquitetura e design na cidade, mas tamb\u00e9m o fortalecimento da rede de solidariedade local. Em um movimento de responsabilidade social, a empresa firmou uma parceria com a Associa\u00e7\u00e3o Petropolitana dos Pacientes Oncol\u00f3gicos (APPO), transformando seus eventos em pontos fixos de arrecada\u00e7\u00e3o de doa\u00e7\u00f5es.<\/p>\n\n\n\n<p>A parceria estabelece que, a cada evento realizado pela RAD, a APPO receber\u00e1 contribui\u00e7\u00f5es em diferentes formatos \u2013 seja por meio de doa\u00e7\u00f5es de alimentos para compor a alimenta\u00e7\u00e3o das pessoas acolhidas na casa de apoio, cestas de alimentos distribu\u00eddas mensalmente ou roupas destinadas aos bazares beneficentes da institui\u00e7\u00e3o.<\/p>\n\n\n\n<p>Para Gabi Andrade, diretora de Rela\u00e7\u00f5es P\u00edblicas volunt\u00e1ria da APPO, esse tipo de colabora\u00e7\u00e3o \u00e9 essencial para garantir um fluxo cont\u00ednuo de apoio: \u201cParcerias fixas como essa s\u00e3o fundamentais para que possamos planejar e manter nossas a\u00e7\u00f5es de assist\u00eancia. Cada evento, cada exposi\u00e7\u00e3o, cada atividade se torna uma oportunidade concreta de ajuda, seja com recursos financeiros, alimentos ou roupas que fazem toda a diferen\u00e7a na vida dos pacientes e suas fam\u00edlias.\u201d.<\/p>\n\n\n\n<p>Com 11 anos de atua\u00e7\u00e3o no mercado de eventos e conte\u00fado especializado, a Rio Arquitetura &amp; Design j\u00e1 consolidou seu nome no setor e, agora, assume um papel ainda mais ativo na comunidade petropolitana. Segundo Leandro Braz, CEO da RAD, a empresa v\u00ea na cidade um polo estrat\u00e9gico para o crescimento do setor, mas entende que sua atua\u00e7\u00e3o vai al\u00e9m dos neg\u00f3cios: \u201cNosso compromisso com Petr\u00f3polis n\u00e3o se limita \u00e0 arquitetura e ao design. Queremos fazer parte da cidade de forma integral, contribuindo para iniciativas sociais e fortalecendo institui\u00e7\u00f5es que j\u00e1 realizam um trabalho essencial, como a APPO.\u201d.<\/p>\n\n\n\n<p>A parceria entre a Rio Arquitetura &amp; Design e a APPO refor\u00e7a a import\u00e2ncia da uni\u00e3o entre empresas e institui\u00e7\u00f5es sociais, criando um modelo sustent\u00e1vel de apoio \u00e0s causas que impactam diretamente a vida da popula\u00e7\u00e3o. A iniciativa j\u00e1 come\u00e7a a valer nos pr\u00f3ximos eventos promovidos pela RAD, garantindo que cada encontro do setor se transforme tamb\u00e9m em um gesto de solidariedade.<\/p>\n","protected":false},"excerpt":{"rendered":"<p>Institui\u00e7\u00e3o destaca a import\u00e2ncia de parcerias fixas para garantir doa\u00e7\u00f5es cont\u00ednuas e sustent\u00e1veis A chegada<\/p>\n","protected":false},"author":2,"featured_media":100179,"comment_status":"open","ping_status":"open","sticky":false,"template":"","format":"standard","meta":{"footnotes":""},"categories":[12],"tags":[],"class_list":["post-100178","post","type-post","status-publish","format-standard","has-post-thumbnail","hentry","category-cidade"],"_links":{"self":[{"href":"https:\/\/tvc16.com\/portal\/wp-json\/wp\/v2\/posts\/100178","targetHints":{"allow":["GET"]}}],"collection":[{"href":"https:\/\/tvc16.com\/portal\/wp-json\/wp\/v2\/posts"}],"about":[{"href":"https:\/\/tvc16.com\/portal\/wp-json\/wp\/v2\/types\/post"}],"author":[{"embeddable":true,"href":"https:\/\/tvc16.com\/portal\/wp-json\/wp\/v2\/users\/2"}],"replies":[{"embeddable":true,"href":"https:\/\/tvc16.com\/portal\/wp-json\/wp\/v2\/comments?post=100178"}],"version-history":[{"count":2,"href":"https:\/\/tvc16.com\/portal\/wp-json\/wp\/v2\/posts\/100178\/revisions"}],"predecessor-version":[{"id":100181,"href":"https:\/\/tvc16.com\/portal\/wp-json\/wp\/v2\/posts\/100178\/revisions\/100181"}],"wp:featuredmedia":[{"embeddable":true,"href":"https:\/\/tvc16.com\/portal\/wp-json\/wp\/v2\/media\/100179"}],"wp:attachment":[{"href":"https:\/\/tvc16.com\/portal\/wp-json\/wp\/v2\/media?parent=100178"}],"wp:term":[{"taxonomy":"category","embeddable":true,"href":"https:\/\/tvc16.com\/portal\/wp-json\/wp\/v2\/categories?post=100178"},{"taxonomy":"post_tag","embeddable":true,"href":"https:\/\/tvc16.com\/portal\/wp-json\/wp\/v2\/tags?post=100178"}],"curies":[{"name":"wp","href":"https:\/\/api.w.org\/{rel}","templated":true}]}}