{"id":10018,"date":"2021-01-29T23:54:44","date_gmt":"2021-01-30T02:54:44","guid":{"rendered":"https:\/\/tvc16.com\/portal\/?p=10018"},"modified":"2021-01-29T23:54:46","modified_gmt":"2021-01-30T02:54:46","slug":"inicio-da-cobranca-da-nova-tarifa-dos-trens-previsto-para-a-proxima-terca-feira-02-02-foi-prorrogado-por-cerca-de-20-dias-para-que-o-governo-do-estado-e-a-supervia-possam-dar-prosseguimento-as-neg","status":"publish","type":"post","link":"https:\/\/tvc16.com\/portal\/2021\/01\/29\/inicio-da-cobranca-da-nova-tarifa-dos-trens-previsto-para-a-proxima-terca-feira-02-02-foi-prorrogado-por-cerca-de-20-dias-para-que-o-governo-do-estado-e-a-supervia-possam-dar-prosseguimento-as-neg\/","title":{"rendered":"In\u00edcio da cobran\u00e7a da nova tarifa dos trens, previsto para a pr\u00f3xima ter\u00e7a-feira (02\/02), foi prorrogado por cerca de 20 dias para que o Governo do Estado e a SuperVia possam dar prosseguimento \u00e0s negocia\u00e7\u00f5es referentes ao Termo Aditivo ao contrato de concess\u00e3o"},"content":{"rendered":"\n<p>A prorroga\u00e7\u00e3o foi formalizada por meio de of\u00edcio, enviado \u00e0 concession\u00e1ria na\u00a0quarta-feira (27\/01).<\/p>\n\n\n\n<p>A passagem passaria dos atuais R$ 4,70 para R$ 5,90.&nbsp;O novo valor, calculado com base no IGP-M, representaria um acr\u00e9scimo de 25,5%. O objetivo das negocia\u00e7\u00f5es \u00e9 definir um reajuste mais condizente com o atual cen\u00e1rio socioecon\u00f4mico fluminense, fortemente impactado pela pandemia do novo coronav\u00edrus, diminuindo o impacto para o usu\u00e1rio e garantindo o equil\u00edbrio econ\u00f4mico-financeiro do contrato de concess\u00e3o.<\/p>\n","protected":false},"excerpt":{"rendered":"<p>A prorroga\u00e7\u00e3o foi formalizada por meio de of\u00edcio, enviado \u00e0 concession\u00e1ria na\u00a0quarta-feira (27\/01). A passagem<\/p>\n","protected":false},"author":2,"featured_media":10019,"comment_status":"open","ping_status":"open","sticky":false,"template":"","format":"standard","meta":{"footnotes":""},"categories":[17],"tags":[],"class_list":["post-10018","post","type-post","status-publish","format-standard","has-post-thumbnail","hentry","category-outras-noticias"],"_links":{"self":[{"href":"https:\/\/tvc16.com\/portal\/wp-json\/wp\/v2\/posts\/10018","targetHints":{"allow":["GET"]}}],"collection":[{"href":"https:\/\/tvc16.com\/portal\/wp-json\/wp\/v2\/posts"}],"about":[{"href":"https:\/\/tvc16.com\/portal\/wp-json\/wp\/v2\/types\/post"}],"author":[{"embeddable":true,"href":"https:\/\/tvc16.com\/portal\/wp-json\/wp\/v2\/users\/2"}],"replies":[{"embeddable":true,"href":"https:\/\/tvc16.com\/portal\/wp-json\/wp\/v2\/comments?post=10018"}],"version-history":[{"count":1,"href":"https:\/\/tvc16.com\/portal\/wp-json\/wp\/v2\/posts\/10018\/revisions"}],"predecessor-version":[{"id":10020,"href":"https:\/\/tvc16.com\/portal\/wp-json\/wp\/v2\/posts\/10018\/revisions\/10020"}],"wp:featuredmedia":[{"embeddable":true,"href":"https:\/\/tvc16.com\/portal\/wp-json\/wp\/v2\/media\/10019"}],"wp:attachment":[{"href":"https:\/\/tvc16.com\/portal\/wp-json\/wp\/v2\/media?parent=10018"}],"wp:term":[{"taxonomy":"category","embeddable":true,"href":"https:\/\/tvc16.com\/portal\/wp-json\/wp\/v2\/categories?post=10018"},{"taxonomy":"post_tag","embeddable":true,"href":"https:\/\/tvc16.com\/portal\/wp-json\/wp\/v2\/tags?post=10018"}],"curies":[{"name":"wp","href":"https:\/\/api.w.org\/{rel}","templated":true}]}}