{"id":100194,"date":"2025-03-05T14:25:44","date_gmt":"2025-03-05T17:25:44","guid":{"rendered":"https:\/\/tvc16.com\/portal\/?p=100194"},"modified":"2025-03-05T14:25:47","modified_gmt":"2025-03-05T17:25:47","slug":"teresopolis-comemora-o-sucesso-do-carnaval-da-gente","status":"publish","type":"post","link":"https:\/\/tvc16.com\/portal\/2025\/03\/05\/teresopolis-comemora-o-sucesso-do-carnaval-da-gente\/","title":{"rendered":"Teres\u00f3polis comemora o sucesso do &#8220;Carnaval da Gente&#8221;"},"content":{"rendered":"\n<p>Os foli\u00f5es aproveitaram as atra\u00e7\u00f5es desta ter\u00e7a-feira, 04, \u00faltimo dia do &#8216;Carnaval da Gente!&#8217; em Teres\u00f3polis. Matin\u00ea na Feirarte, desfile\u00a0do Bloco Gatos Pingados no bairro do Alto, shows do Grupo FutSamba e da Banda Clareou na Pra\u00e7a Ol\u00edmpica Lu\u00eds de Cam\u00f5es, no Centro da cidade, e\u00a0do Grupo N\u00f3s do Samba em Bonsucesso, no interior, garantiram divers\u00e3o segura e a alegria de turistas e teresopolitanos.<\/p>\n\n\n\n<p>&#8220;Superou nossas expectativas, pois foi um Carnaval programado em pouqu\u00edssimo tempo. De 27 de fevereiro a 4 de mar\u00e7o tivemos atra\u00e7\u00f5es para todos os p\u00fablicos,&nbsp;na cidade e no interior, com organiza\u00e7\u00e3o e seguran\u00e7a, conforme determina\u00e7\u00e3o do Prefeito Leonardo Vasconcellos, &nbsp;e as fam\u00edlias vieram para as ruas curtir com a gente. Registramos 95% de ocupa\u00e7\u00e3o&nbsp;hoteleira, excelente para esse per\u00edodo do ano&#8221;, comemorou a secret\u00e1ria municipal de Turismo, Nina Benedito, que esteve presente em todos os eventos, com sua equipe.<\/p>\n\n\n\n<p>Realiza\u00e7\u00e3o da Prefeitura, em parceria com o Governo do Estado do Rio de Janeiro, o Carnaval ofereceu ao p\u00fablico uma estrutura&nbsp;bem organizada, com ambul\u00e2ncia e profissionais de sa\u00fade de plant\u00e3o nos espa\u00e7os de shows, \u00e1rea de alimenta\u00e7\u00e3o e banheiros qu\u00edmicos,&nbsp;equipe de &nbsp;seguran\u00e7a privada, c\u00e2meras de sistema de monitoramento do munic\u00edpio e apoio da Guarda Civil Municipal, com equipe&nbsp;de tr\u00e2nsito e da ROMU (Ronda Ostensiva Municipal), inclusive com c\u00e3es da Companhia de Opera\u00e7\u00f5es K9. Policiais militares do 30\u00b0&nbsp;BPM e do 2\u00ba Destacamento do Regimento de Pol\u00edcia Montada tamb\u00e9m estiveram presentes nos eventos.&nbsp;<\/p>\n\n\n\n<p>Na Pra\u00e7a Ol\u00edmpica, foram disponibilizados&nbsp;\u00e1rea para pessoas com defici\u00eancia e banheiro qu\u00edmico adaptado para PcD. Ap\u00f3s a \u00faltima apresenta\u00e7\u00e3o de cada dia, equipes da Prefeitura entraram em&nbsp;a\u00e7\u00e3o para a limpeza geral dos espa\u00e7os.<\/p>\n\n\n\n<p><strong>Na Feirarte<\/strong>: A garotada curtiu a valer o \u00faltimo dia do Carnaval nesta ter\u00e7a-feira, 04, na Feirarte &#8211; a popular Feirinha de Teres\u00f3polis, no Alto.&nbsp;Com fantasias coloridas, confetes e banho de espuma, as crian\u00e7as dan\u00e7aram e cantaram marchinhas e m\u00fasicas infantis com a galera&nbsp;da Folia Encantada e seus personagens. &#8220;Gostamos bastante, divers\u00e3o em fam\u00edlia com toda seguran\u00e7a&#8221;, comentou a m\u00e9dica veterin\u00e1ria Luciana&nbsp;Cez\u00e1rio, junto com o marido, o engenheiro Flavio Cez\u00e1rio e a pequena J\u00falia, de 3 anos, do Rio de Janeiro. &#8220;O Carnaval da Feirinha&nbsp;\u00e9 o melhor da regi\u00e3o. Foi tudo maravilhoso&#8221;, opinou o expositor Marco Antonio Alvarenga Borges, o Marc\u00e3o, da pra\u00e7a de&nbsp;alimenta\u00e7\u00e3o.<\/p>\n\n\n\n<p><strong>Foliando<\/strong>:&nbsp;Na Pra\u00e7a Nilo Pe\u00e7anha, &nbsp;no Alto, o evento Foliando, que teve o apoio da Prefeitura, foi realizado de sexta, 28 de fevereiro, at\u00e9 ter\u00e7a-feira,&nbsp;04 de mar\u00e7o, com shows de v\u00e1rios estilos musicais, gastronomia, cerveja artesanal, a feira de empreendedorismo feminino &#8216;Levanta Mulheres&#8217;, bailinho&nbsp;infantil e espa\u00e7o kids.<\/p>\n\n\n\n<p><strong>Bloco<\/strong>: Um grupo animado de foli\u00f5es acompanhou, nesta ter\u00e7a, o desfile do Bloco Gatos Pingados, fundado em 2018 por Teresa Quintanilha e a filha,&nbsp;G\u00e9ssika Quintanilha, presidente e vice-presidente da agremia\u00e7\u00e3o. Com alegria e anima\u00e7\u00e3o, o bloco levou para as ruas do Alto o samba&nbsp;&#8216;Gatos no Quilombo&#8217;, de autoria de Bita da Portela e cantado pelas int\u00e9rpretes Teresa Quintanilha, Simone Lins e Aninha. &#8220;\u00c9 uma homenagem&nbsp;ao Bloco Afro Cultural Quilombo da Serra, nosso grande incentivador e que tem um papel de import\u00e2ncia na cria\u00e7\u00e3o&nbsp;do Gatos Pingados&#8221;, explicou G\u00e9ssika.<\/p>\n\n\n\n<p><strong>Na Pra\u00e7a Ol\u00edmpica<\/strong>: Palco principal dos eventos da folia, a Pra\u00e7a Ol\u00edmpica Lu\u00eds de Cam\u00f5es recebeu p\u00fablico expressivo nesta ter\u00e7a. A galera cantou e dan\u00e7ou&nbsp;com a descontra\u00e7\u00e3o do Grupo FutSamba. Em seguida, subiu ao palco a Banda Clareou, pela primeira vez no Carnaval de Teres\u00f3polis. Com Branco nos vocais,&nbsp;Anderson Mendon\u00e7a (Buiu) no pandeiro, Fernando (Mellete) no tantan e Juninho de Jesus no banjo, o grupo apresentou cl\u00e1ssicos e sucessos do pagode atual, embalando o p\u00fablico. As atra\u00e7\u00f5es agradaram a contadora Eliane da Silva. Moradora de Vila Valqueire, no Rio de Janeiro, ela veio com o marido&nbsp;e as filhas passar o per\u00edodo da folia com familiares em Teres\u00f3polis. &#8220;Gosto muito do Carnaval aqui da cidade, onde temos mais seguran\u00e7a, o clima \u00e9&nbsp;agrad\u00e1vel e podemos curtir em fam\u00edlia&#8221;, relatou.<\/p>\n\n\n\n<p><strong>No interior :&nbsp;<\/strong>Na Pra\u00e7a Samuel de Paula Mac\u00e1rio, em Bonsucesso, o Carnaval foi encerrado com show do N\u00f3s do Samba, que fez a galera cantar e&nbsp;dan\u00e7ar na noite desta ter\u00e7a, com divers\u00e3o garantida em fam\u00edlia.<\/p>\n\n\n\n<p><strong><em>Fotos: Jorge Maravilha, Ana Laura, Jessica Fernandes, John Martins, Silvia Pimentel<\/em><\/strong><\/p>\n","protected":false},"excerpt":{"rendered":"<p>Os foli\u00f5es aproveitaram as atra\u00e7\u00f5es desta ter\u00e7a-feira, 04, \u00faltimo dia do &#8216;Carnaval da Gente!&#8217; em<\/p>\n","protected":false},"author":2,"featured_media":100195,"comment_status":"open","ping_status":"open","sticky":false,"template":"","format":"standard","meta":{"footnotes":""},"categories":[17],"tags":[],"class_list":["post-100194","post","type-post","status-publish","format-standard","has-post-thumbnail","hentry","category-outras-noticias"],"_links":{"self":[{"href":"https:\/\/tvc16.com\/portal\/wp-json\/wp\/v2\/posts\/100194","targetHints":{"allow":["GET"]}}],"collection":[{"href":"https:\/\/tvc16.com\/portal\/wp-json\/wp\/v2\/posts"}],"about":[{"href":"https:\/\/tvc16.com\/portal\/wp-json\/wp\/v2\/types\/post"}],"author":[{"embeddable":true,"href":"https:\/\/tvc16.com\/portal\/wp-json\/wp\/v2\/users\/2"}],"replies":[{"embeddable":true,"href":"https:\/\/tvc16.com\/portal\/wp-json\/wp\/v2\/comments?post=100194"}],"version-history":[{"count":1,"href":"https:\/\/tvc16.com\/portal\/wp-json\/wp\/v2\/posts\/100194\/revisions"}],"predecessor-version":[{"id":100196,"href":"https:\/\/tvc16.com\/portal\/wp-json\/wp\/v2\/posts\/100194\/revisions\/100196"}],"wp:featuredmedia":[{"embeddable":true,"href":"https:\/\/tvc16.com\/portal\/wp-json\/wp\/v2\/media\/100195"}],"wp:attachment":[{"href":"https:\/\/tvc16.com\/portal\/wp-json\/wp\/v2\/media?parent=100194"}],"wp:term":[{"taxonomy":"category","embeddable":true,"href":"https:\/\/tvc16.com\/portal\/wp-json\/wp\/v2\/categories?post=100194"},{"taxonomy":"post_tag","embeddable":true,"href":"https:\/\/tvc16.com\/portal\/wp-json\/wp\/v2\/tags?post=100194"}],"curies":[{"name":"wp","href":"https:\/\/api.w.org\/{rel}","templated":true}]}}