{"id":100197,"date":"2025-03-06T05:00:00","date_gmt":"2025-03-06T08:00:00","guid":{"rendered":"https:\/\/tvc16.com\/portal\/?p=100197"},"modified":"2025-03-05T17:11:44","modified_gmt":"2025-03-05T20:11:44","slug":"previsao-para-inflacao-permanece-em-565-para-este-ano","status":"publish","type":"post","link":"https:\/\/tvc16.com\/portal\/2025\/03\/06\/previsao-para-inflacao-permanece-em-565-para-este-ano\/","title":{"rendered":"Previs\u00e3o para infla\u00e7\u00e3o permanece em 5,65% para este ano"},"content":{"rendered":"\n<p><strong>Depois de 19 semanas em alta, as proje\u00e7\u00f5es para a infla\u00e7\u00e3o em 2025 se estabilizaram.<\/strong>&nbsp;Segundo a edi\u00e7\u00e3o mais recente do boletim Focus, pesquisa semanal com institui\u00e7\u00f5es financeiras divulgada pelo Banco Central (BC), os analistas de mercado acreditam que a infla\u00e7\u00e3o oficial pelo<strong>&nbsp;\u00cdndice Nacional de Pre\u00e7os ao Consumidor Amplo (IPCA) fechar\u00e1 o ano em 5,65%.<\/strong><img decoding=\"async\" src=\"https:\/\/agenciabrasil.ebc.com.br\/ebc.png?id=1633386&amp;o=node\"><img decoding=\"async\" src=\"https:\/\/agenciabrasil.ebc.com.br\/ebc.gif?id=1633386&amp;o=node\"><\/p>\n\n\n\n<p>Apesar da estabiliza\u00e7\u00e3o, a infla\u00e7\u00e3o, caso se concretize a proje\u00e7\u00e3o, fechar\u00e1 o ano&nbsp;bastante acima da meta. Pelo novo sistema de metas cont\u00ednuas, o Conselho Monet\u00e1rio Nacional (CMN)&nbsp;<strong>estabelece meta de infla\u00e7\u00e3o de 3%, com margem de toler\u00e2ncia de 1,5 ponto percentual, o que indica teto da meta de 4,5%.<\/strong><\/p>\n\n\n\n<p>Na \u00faltima ata da reuni\u00e3o do Comit\u00ea de Pol\u00edtica Monet\u00e1ria (Copom), o BC informou que a infla\u00e7\u00e3o&nbsp;<a href=\"https:\/\/agenciabrasil.ebc.com.br\/economia\/noticia\/2025-02\/copom-aponta-para-aumento-da-selic-em-1-ponto-em-marco\" target=\"_blank\" rel=\"noreferrer noopener\">deve estourar o teto da meta<\/a>&nbsp;no primeiro ano do regime de metas cont\u00ednuas.<\/p>\n\n\n\n<p><strong>O boletim Focus manteve em 15% ao ano a expectativa para a Taxa Selic<\/strong>&nbsp;(juros b\u00e1sicos da economia) no fim do ano. A proje\u00e7\u00e3o est\u00e1 nesse n\u00edvel h\u00e1 oito semanas. Para 2026, as institui\u00e7\u00f5es financeiras projetam juros b\u00e1sicos de 12,5% ao ano.<\/p>\n\n\n\n<p>Atualmente, a&nbsp;<strong>Selic est\u00e1 em 13,25% ao ano<\/strong>, com o Copom admitindo que elevar\u00e1 os juros para 14,25% na reuni\u00e3o de mar\u00e7o.<\/p>\n\n\n\n<h2 class=\"wp-block-heading\">PIB<\/h2>\n\n\n\n<p>Em rela\u00e7\u00e3o ao desempenho da economia neste ano, os analistas de mercado mantiveram em 2,01% a proje\u00e7\u00e3o para o crescimento do Produto Interno Bruto (PIB, soma das riquezas produzidas) neste ano.<\/p>\n\n\n\n<p>O boletim Focus projeta crescimento de 1,7% no PIB para 2026 e de 2% para 2027 e 2028.<\/p>\n\n\n\n<p>Por Wellton M\u00e1ximo &#8211; Rep\u00f3rter da Ag\u00eancia Brasil<br>Foto: \u00a9 Marcello Casal JrAg\u00eancia Brasil<br><\/p>\n\n\n\n<p><a href=\"https:\/\/audios.ebc.com.br\/8c\/8cf0578059df51bbe3b880b4a6e31c58.mp3?download&amp;filename=05-03-25_-_gabriel_brum_-_boletim_focus_-_ra_lf.mp3\"><\/a><\/p>\n","protected":false},"excerpt":{"rendered":"<p>Depois de 19 semanas em alta, as proje\u00e7\u00f5es para a infla\u00e7\u00e3o em 2025 se estabilizaram.&nbsp;Segundo<\/p>\n","protected":false},"author":2,"featured_media":100198,"comment_status":"open","ping_status":"open","sticky":false,"template":"","format":"standard","meta":{"footnotes":""},"categories":[17],"tags":[],"class_list":["post-100197","post","type-post","status-publish","format-standard","has-post-thumbnail","hentry","category-outras-noticias"],"_links":{"self":[{"href":"https:\/\/tvc16.com\/portal\/wp-json\/wp\/v2\/posts\/100197","targetHints":{"allow":["GET"]}}],"collection":[{"href":"https:\/\/tvc16.com\/portal\/wp-json\/wp\/v2\/posts"}],"about":[{"href":"https:\/\/tvc16.com\/portal\/wp-json\/wp\/v2\/types\/post"}],"author":[{"embeddable":true,"href":"https:\/\/tvc16.com\/portal\/wp-json\/wp\/v2\/users\/2"}],"replies":[{"embeddable":true,"href":"https:\/\/tvc16.com\/portal\/wp-json\/wp\/v2\/comments?post=100197"}],"version-history":[{"count":1,"href":"https:\/\/tvc16.com\/portal\/wp-json\/wp\/v2\/posts\/100197\/revisions"}],"predecessor-version":[{"id":100199,"href":"https:\/\/tvc16.com\/portal\/wp-json\/wp\/v2\/posts\/100197\/revisions\/100199"}],"wp:featuredmedia":[{"embeddable":true,"href":"https:\/\/tvc16.com\/portal\/wp-json\/wp\/v2\/media\/100198"}],"wp:attachment":[{"href":"https:\/\/tvc16.com\/portal\/wp-json\/wp\/v2\/media?parent=100197"}],"wp:term":[{"taxonomy":"category","embeddable":true,"href":"https:\/\/tvc16.com\/portal\/wp-json\/wp\/v2\/categories?post=100197"},{"taxonomy":"post_tag","embeddable":true,"href":"https:\/\/tvc16.com\/portal\/wp-json\/wp\/v2\/tags?post=100197"}],"curies":[{"name":"wp","href":"https:\/\/api.w.org\/{rel}","templated":true}]}}