{"id":100200,"date":"2025-03-06T05:00:00","date_gmt":"2025-03-06T08:00:00","guid":{"rendered":"https:\/\/tvc16.com\/portal\/?p=100200"},"modified":"2025-03-05T17:13:47","modified_gmt":"2025-03-05T20:13:47","slug":"prouni-convocados-da-2a-chamada-devem-confirmar-dados-ate-dia-17","status":"publish","type":"post","link":"https:\/\/tvc16.com\/portal\/2025\/03\/06\/prouni-convocados-da-2a-chamada-devem-confirmar-dados-ate-dia-17\/","title":{"rendered":"Prouni:\u00a0convocados da 2\u00aa chamada devem confirmar dados at\u00e9 dia 17"},"content":{"rendered":"\n<p>Os mais de 86 mil pr\u00e9-selecionados na segunda chamada do\u202fPrograma Universidade para Todos (Prouni), referente ao primeiro semestre de 2025, dever\u00e3o apresentar os&nbsp;<strong>documentos que comprovem as informa\u00e7\u00f5es prestadas no momento da inscri\u00e7\u00e3o at\u00e9 17 de mar\u00e7o<\/strong>. Os documentos devem&nbsp;<strong>entregues&nbsp;\u00e0&nbsp;institui\u00e7\u00e3o de educa\u00e7\u00e3o superior<\/strong>.<img decoding=\"async\" src=\"https:\/\/agenciabrasil.ebc.com.br\/ebc.png?id=1633411&amp;o=node\"><img decoding=\"async\" src=\"https:\/\/agenciabrasil.ebc.com.br\/ebc.gif?id=1633411&amp;o=node\"><\/p>\n\n\n\n<p>O candidato<a href=\"https:\/\/acessounico.mec.gov.br\/prouni\" target=\"_blank\" rel=\"noreferrer noopener\">&nbsp;pode consultar online o resultado da segunda chamada<\/a>, publicada pelo Minist\u00e9rio da Educa\u00e7\u00e3o (MEC), na \u00faltima sexta-feira (28), no\u202fPortal \u00danico de Acesso ao Ensino Superior do ProUni. O acesso \u00e9 por meio&nbsp;da conta do Gov.br.<\/p>\n\n\n\n<p>O programa oferece<strong>&nbsp;bolsas integrais (100%) e parciais (50%) sobre o valor da mensalidade de cursos em institui\u00e7\u00f5es privadas de educa\u00e7\u00e3o superior<\/strong>.<\/p>\n\n\n\n<p>Em&nbsp;2025, a pol\u00edtica p\u00fablica completa 20 anos de exist\u00eancia, com&nbsp;<strong>mais de 3,4 milh\u00f5es de estudantes beneficiados entre 2005 e 2024<\/strong>.<\/p>\n\n\n\n<h2 class=\"wp-block-heading\">Documenta\u00e7\u00e3o<\/h2>\n\n\n\n<p>A institui\u00e7\u00e3o de ensino superior deve definir como \u00e9 feita a entrega dos documentos:&nbsp;de<strong>&nbsp;forma presencial, diretamente na unidade, ou virtual\/eletr\u00f4nico<\/strong>. N\u00e3o pode ser cobrada nenhuma taxa.<\/p>\n\n\n\n<p>O candidato tem a responsabilidade de verificar, nas faculdades, os hor\u00e1rios e o local de comparecimento para a verifica\u00e7\u00e3o das informa\u00e7\u00f5es.<\/p>\n\n\n\n<p><strong>A perda do prazo ou a n\u00e3o comprova\u00e7\u00e3o dos dados&nbsp;implicar\u00e1, automaticamente, na reprova\u00e7\u00e3o do candidato<\/strong>.<\/p>\n\n\n\n<p>Algumas institui\u00e7\u00f5es podem submeter os pr\u00e9-selecionados a um processo seletivo pr\u00f3prio. Neste caso, o MEC determina que os&nbsp;<strong>crit\u00e9rios de aprova\u00e7\u00e3o n\u00e3o podem ser mais rigorosos do que os aplicados<\/strong>&nbsp;aos pr\u00e9-selecionados nos processos seletivos regulares.<\/p>\n\n\n\n<h2 class=\"wp-block-heading\">Edi\u00e7\u00e3o de 2025<\/h2>\n\n\n\n<p>Nesta edi\u00e7\u00e3o do programa, foram ofertadas&nbsp;338.444 bolsas em 403 cursos de 1.031 institui\u00e7\u00f5es privadas por todo o pa\u00eds. Dessas bolsas, 203.539 s\u00e3o integrais e 134.905 parciais.<\/p>\n\n\n\n<p>O programa recebeu quase 1,5 milh\u00e3o de inscri\u00e7\u00f5es para o Prouni\u202f2025\/1. Na primeira chamada do processo seletivo, divulgada no in\u00edcio de fevereiro,&nbsp;<a href=\"https:\/\/agenciabrasil.ebc.com.br\/educacao\/noticia\/2025-02\/resultado-da-primeira-chamada-do-prouni-ja-esta-disponivel\">197.080\u202festudantes haviam sido pr\u00e9-selecionados<\/a>.\u202f<\/p>\n\n\n\n<h2 class=\"wp-block-heading\">Cronograma&nbsp;Prouni\u202f2025\/1<\/h2>\n\n\n\n<p>O candidato n\u00e3o contemplado nas duas chamadas do Prouni 2025 poder\u00e1<strong>&nbsp;participar da lista de espera do Prouni<\/strong>.<\/p>\n\n\n\n<p>A manifesta\u00e7\u00e3o de&nbsp;interesse em&nbsp;<strong>ingressar na fila deve ser feita nos dias 26 e 27 de mar\u00e7o<\/strong>&nbsp;pelo&nbsp;<a href=\"https:\/\/acessounico.mec.gov.br\/prouni\" target=\"_blank\" rel=\"noreferrer noopener\">Portal \u00danico de Acesso ao Ensino Superior<\/a>.&nbsp; \u202f<\/p>\n\n\n\n<p><strong>Em 1\u00ba de abril, ser\u00e1 disponibilizado o resultado&nbsp;<\/strong>da lista de espera no mesmo site.<\/p>\n\n\n\n<p>Por Daniella Almeida &#8211; Rep\u00f3rter da Ag\u00eancia Brasil<br>Foto: \u00a9 Rafa Neddermeyer\/Ag\u00eancia Brasil<br><\/p>\n","protected":false},"excerpt":{"rendered":"<p>Os mais de 86 mil pr\u00e9-selecionados na segunda chamada do\u202fPrograma Universidade para Todos (Prouni), referente<\/p>\n","protected":false},"author":2,"featured_media":100201,"comment_status":"open","ping_status":"open","sticky":false,"template":"","format":"standard","meta":{"footnotes":""},"categories":[17],"tags":[],"class_list":["post-100200","post","type-post","status-publish","format-standard","has-post-thumbnail","hentry","category-outras-noticias"],"_links":{"self":[{"href":"https:\/\/tvc16.com\/portal\/wp-json\/wp\/v2\/posts\/100200","targetHints":{"allow":["GET"]}}],"collection":[{"href":"https:\/\/tvc16.com\/portal\/wp-json\/wp\/v2\/posts"}],"about":[{"href":"https:\/\/tvc16.com\/portal\/wp-json\/wp\/v2\/types\/post"}],"author":[{"embeddable":true,"href":"https:\/\/tvc16.com\/portal\/wp-json\/wp\/v2\/users\/2"}],"replies":[{"embeddable":true,"href":"https:\/\/tvc16.com\/portal\/wp-json\/wp\/v2\/comments?post=100200"}],"version-history":[{"count":1,"href":"https:\/\/tvc16.com\/portal\/wp-json\/wp\/v2\/posts\/100200\/revisions"}],"predecessor-version":[{"id":100202,"href":"https:\/\/tvc16.com\/portal\/wp-json\/wp\/v2\/posts\/100200\/revisions\/100202"}],"wp:featuredmedia":[{"embeddable":true,"href":"https:\/\/tvc16.com\/portal\/wp-json\/wp\/v2\/media\/100201"}],"wp:attachment":[{"href":"https:\/\/tvc16.com\/portal\/wp-json\/wp\/v2\/media?parent=100200"}],"wp:term":[{"taxonomy":"category","embeddable":true,"href":"https:\/\/tvc16.com\/portal\/wp-json\/wp\/v2\/categories?post=100200"},{"taxonomy":"post_tag","embeddable":true,"href":"https:\/\/tvc16.com\/portal\/wp-json\/wp\/v2\/tags?post=100200"}],"curies":[{"name":"wp","href":"https:\/\/api.w.org\/{rel}","templated":true}]}}