{"id":100203,"date":"2025-03-06T05:00:00","date_gmt":"2025-03-06T08:00:00","guid":{"rendered":"https:\/\/tvc16.com\/portal\/?p=100203"},"modified":"2025-03-05T17:16:04","modified_gmt":"2025-03-05T20:16:04","slug":"cinemateca-homenageia-o-mestre-do-suspense-alfred-hitchcock","status":"publish","type":"post","link":"https:\/\/tvc16.com\/portal\/2025\/03\/06\/cinemateca-homenageia-o-mestre-do-suspense-alfred-hitchcock\/","title":{"rendered":"Cinemateca homenageia o mestre do suspense Alfred Hitchcock"},"content":{"rendered":"\n<p>Para celebrar o mestre do suspense, a&nbsp;<strong>Cinemateca Brasileira, em S\u00e3o Paulo, vai apresentar uma retrospectiva de filmes dirigidos por Alfred Hitchcock<\/strong>. A mostra tem in\u00edcio nesta quinta-feira (6).<img decoding=\"async\" src=\"https:\/\/agenciabrasil.ebc.com.br\/ebc.png?id=1633415&amp;o=node\"><img decoding=\"async\" src=\"https:\/\/agenciabrasil.ebc.com.br\/ebc.gif?id=1633415&amp;o=node\"><\/p>\n\n\n\n<p>Ser\u00e3o apresentados 14 filmes, entre eles, grandes sucessos como&nbsp;<strong><em>Os P\u00e1ssaros<\/em>,&nbsp;<em>Psicose<\/em>,&nbsp;<em>Janela Indiscreta<\/em>,&nbsp;<em>Festim Diab\u00f3lico<\/em>&nbsp;e&nbsp;<em>Intriga Internacional<\/em>.<\/strong><\/p>\n\n\n\n<p><strong>Para a abertura do evento o filme escolhido foi&nbsp;<em>Um Corpo que Cai<\/em><\/strong>, em que o ex-detetive de pol\u00edcia John &#8220;Scottie&#8221; Ferguson \u00e9 contratado por um homem para vigiar sua esposa Madeleine. O detetive aposentado, que tem muito medo de altura, come\u00e7a a seguir Madeleine, que demonstra uma estranha atra\u00e7\u00e3o por lugares altos, levando o detetive a enfrentar seus piores medos. O filme ser\u00e1 exibido ao ar livre, a partir das 20h.<\/p>\n\n\n\n<p>A mostra \u00e9 gratuita e os&nbsp;<strong>ingressos s\u00e3o distribu\u00eddos 1 hora antes de cada sess\u00e3o<\/strong>, com exce\u00e7\u00e3o dos filmes exibidos ao ar livre.<\/p>\n\n\n\n<p><strong>A retrospectiva vai at\u00e9 o dia 16 de mar\u00e7o.<\/strong>&nbsp;<\/p>\n\n\n\n<p>Outras informa\u00e7\u00f5es sobre a mostra podem ser consultados no&nbsp;<a href=\"https:\/\/cinemateca.org.br\/series\/retrospectiva-alfred-hitchcock\/\" target=\"_blank\" rel=\"noreferrer noopener\">site da Cinemateca<\/a>.<\/p>\n\n\n\n<p>Ag\u00eancia Brasil<\/p>\n\n\n\n<p>Foto: \u00a9 Cinemateca Brasileira\/Alfred Hitchcock\/Divulga\u00e7\u00e3o<br><\/p>\n","protected":false},"excerpt":{"rendered":"<p>Para celebrar o mestre do suspense, a&nbsp;Cinemateca Brasileira, em S\u00e3o Paulo, vai apresentar uma retrospectiva<\/p>\n","protected":false},"author":2,"featured_media":100204,"comment_status":"open","ping_status":"open","sticky":false,"template":"","format":"standard","meta":{"footnotes":""},"categories":[1],"tags":[],"class_list":["post-100203","post","type-post","status-publish","format-standard","has-post-thumbnail","hentry","category-uncategorized"],"_links":{"self":[{"href":"https:\/\/tvc16.com\/portal\/wp-json\/wp\/v2\/posts\/100203","targetHints":{"allow":["GET"]}}],"collection":[{"href":"https:\/\/tvc16.com\/portal\/wp-json\/wp\/v2\/posts"}],"about":[{"href":"https:\/\/tvc16.com\/portal\/wp-json\/wp\/v2\/types\/post"}],"author":[{"embeddable":true,"href":"https:\/\/tvc16.com\/portal\/wp-json\/wp\/v2\/users\/2"}],"replies":[{"embeddable":true,"href":"https:\/\/tvc16.com\/portal\/wp-json\/wp\/v2\/comments?post=100203"}],"version-history":[{"count":1,"href":"https:\/\/tvc16.com\/portal\/wp-json\/wp\/v2\/posts\/100203\/revisions"}],"predecessor-version":[{"id":100205,"href":"https:\/\/tvc16.com\/portal\/wp-json\/wp\/v2\/posts\/100203\/revisions\/100205"}],"wp:featuredmedia":[{"embeddable":true,"href":"https:\/\/tvc16.com\/portal\/wp-json\/wp\/v2\/media\/100204"}],"wp:attachment":[{"href":"https:\/\/tvc16.com\/portal\/wp-json\/wp\/v2\/media?parent=100203"}],"wp:term":[{"taxonomy":"category","embeddable":true,"href":"https:\/\/tvc16.com\/portal\/wp-json\/wp\/v2\/categories?post=100203"},{"taxonomy":"post_tag","embeddable":true,"href":"https:\/\/tvc16.com\/portal\/wp-json\/wp\/v2\/tags?post=100203"}],"curies":[{"name":"wp","href":"https:\/\/api.w.org\/{rel}","templated":true}]}}