{"id":100208,"date":"2025-03-06T08:12:29","date_gmt":"2025-03-06T11:12:29","guid":{"rendered":"https:\/\/tvc16.com\/portal\/?p=100208"},"modified":"2025-03-06T08:12:31","modified_gmt":"2025-03-06T11:12:31","slug":"leitos-do-hospital-santa-teresa-poderao-ser-cofinanciados","status":"publish","type":"post","link":"https:\/\/tvc16.com\/portal\/2025\/03\/06\/leitos-do-hospital-santa-teresa-poderao-ser-cofinanciados\/","title":{"rendered":"Leitos do Hospital Santa Teresa poder\u00e3o ser cofinanciados"},"content":{"rendered":"\n<p>Proposta foi apresentada pela Secretaria Estadual de Sa\u00fade em audi\u00eancia<\/p>\n\n\n\n<p><em>Por Gabriel Rattes<\/em><\/p>\n\n\n\n<p>A situa\u00e7\u00e3o do Hospital Santa Teresa (HST) em Petr\u00f3polis pode ter mais um cap\u00edtulo. O Governo do Estado, atrav\u00e9s da Secretaria Estadual de Sa\u00fade (SES-RJ), prop\u00f4s o cofinanciamento dos dez leitos de UTI &#8211; Unidade de Terapia Intensiva &#8211; da institui\u00e7\u00e3o. A proposta foi realizada em uma audi\u00eancia, no dia 26 de fevereiro, na sede da SES-RJ. A equipe do Correio Petropolitano teve acesso ao documento protocolado na \u00edntegra, que visa a manuten\u00e7\u00e3o dos servi\u00e7os prestados pelo hospital na Regi\u00e3o Serrana. Ao final, ficou agendada uma nova audi\u00eancia para o dia 14 de mar\u00e7o, \u00e0s 14h, na sede da Secretaria Estadual de Sa\u00fade. O objetivo \u00e9 a apresenta\u00e7\u00e3o da avalia\u00e7\u00e3o e considera\u00e7\u00f5es finais da Rede Santa Catarina sobre as propostas apresentadas.<\/p>\n\n\n\n<p>Segundo a Secretaria Estadual, a alternativa ser\u00e1 cofinanciar o leito de UTI Adulto Tipo III pelo valor de R$ 400 a di\u00e1ria, exclusivamente ao leito regulado pelo Sistema Estadual de Regula\u00e7\u00e3o, podendo chegar em um valor anual de at\u00e9 R$ 1,440 milh\u00e3o. O subsecret\u00e1rio de Aten\u00e7\u00e3o \u00e0 Sa\u00fade (SES\/SUBAS), Caio Ant\u00f4nio Mello, contextualizou que esse tipo de leito, atualmente, recebe do Minist\u00e9rio da Sa\u00fade um aporte de R$ 135 mil por m\u00eas, totalizando R$ 1,620 milh\u00e3o por ano. Al\u00e9m disso, h\u00e1 um aporte de R$ 250 mil por m\u00eas para a reserva t\u00e9cnica de neurocirurgia.<\/p>\n\n\n\n<p>Caso os valores referentes aos tratamentos dos pacientes regulados pelo estado ultrapassem o estimado, o Munic\u00edpio ir\u00e1 solicitar revis\u00e3o da composi\u00e7\u00e3o do Teto Financeiro MAC para custeio da produ\u00e7\u00e3o realizada pelo HST. Os tr\u00e2mites para pagamento do referido cofinanciamento seguir\u00e3o os ritos praticados pela SES\/RJ.<\/p>\n\n\n\n<p>Prefeitura de Petr\u00f3polis<\/p>\n\n\n\n<p>Estiveram presentes na reuni\u00e3o representantes da Prefeitura de Petr\u00f3polis. Entre eles, o secret\u00e1rio Municipal de Sa\u00fade (SMS), Luis Cruzick, que informou que o valor mensal de R$ 135 mil custeia os procedimentos de m\u00e9dia e alta complexidade realizados pelo HST. O secret\u00e1rio tamb\u00e9m enfatizou para que os tr\u00e2mites para pagamento do recurso de reserva t\u00e9cnica de R$ 250 mil\/m\u00eas se mantenha o mesmo. Sendo realizado por meio de protocolo junto a SMS de Petr\u00f3polis no m\u00eas subsequente a compet\u00eancia devida, por meio de apresenta\u00e7\u00e3o de nota fiscal no valor integral.<\/p>\n\n\n\n<p>Rede Santa Catarina<\/p>\n\n\n\n<p>A respons\u00e1vel pela administra\u00e7\u00e3o do Hospital Santa Teresa em Petr\u00f3polis, a Rede Santa Catarina, informou durante a audi\u00eancia que aguardar\u00e1 o envio das informa\u00e7\u00f5es pertinentes \u00e0s propostas apresentadas para as devidas avalia\u00e7\u00f5es e considera\u00e7\u00f5es. Com isso ficou agendada a terceira reuni\u00e3o sobre o assunto para o dia 14 de mar\u00e7o de 2025, \u00e0s 14h, na sede da SES\/RJ.<\/p>\n","protected":false},"excerpt":{"rendered":"<p>Proposta foi apresentada pela Secretaria Estadual de Sa\u00fade em audi\u00eancia Por Gabriel Rattes A situa\u00e7\u00e3o<\/p>\n","protected":false},"author":2,"featured_media":99018,"comment_status":"open","ping_status":"open","sticky":false,"template":"","format":"standard","meta":{"footnotes":""},"categories":[12],"tags":[],"class_list":["post-100208","post","type-post","status-publish","format-standard","has-post-thumbnail","hentry","category-cidade"],"_links":{"self":[{"href":"https:\/\/tvc16.com\/portal\/wp-json\/wp\/v2\/posts\/100208","targetHints":{"allow":["GET"]}}],"collection":[{"href":"https:\/\/tvc16.com\/portal\/wp-json\/wp\/v2\/posts"}],"about":[{"href":"https:\/\/tvc16.com\/portal\/wp-json\/wp\/v2\/types\/post"}],"author":[{"embeddable":true,"href":"https:\/\/tvc16.com\/portal\/wp-json\/wp\/v2\/users\/2"}],"replies":[{"embeddable":true,"href":"https:\/\/tvc16.com\/portal\/wp-json\/wp\/v2\/comments?post=100208"}],"version-history":[{"count":1,"href":"https:\/\/tvc16.com\/portal\/wp-json\/wp\/v2\/posts\/100208\/revisions"}],"predecessor-version":[{"id":100209,"href":"https:\/\/tvc16.com\/portal\/wp-json\/wp\/v2\/posts\/100208\/revisions\/100209"}],"wp:featuredmedia":[{"embeddable":true,"href":"https:\/\/tvc16.com\/portal\/wp-json\/wp\/v2\/media\/99018"}],"wp:attachment":[{"href":"https:\/\/tvc16.com\/portal\/wp-json\/wp\/v2\/media?parent=100208"}],"wp:term":[{"taxonomy":"category","embeddable":true,"href":"https:\/\/tvc16.com\/portal\/wp-json\/wp\/v2\/categories?post=100208"},{"taxonomy":"post_tag","embeddable":true,"href":"https:\/\/tvc16.com\/portal\/wp-json\/wp\/v2\/tags?post=100208"}],"curies":[{"name":"wp","href":"https:\/\/api.w.org\/{rel}","templated":true}]}}