{"id":100219,"date":"2025-03-06T08:23:38","date_gmt":"2025-03-06T11:23:38","guid":{"rendered":"https:\/\/tvc16.com\/portal\/?p=100219"},"modified":"2025-03-06T08:23:40","modified_gmt":"2025-03-06T11:23:40","slug":"comerciarios-de-petropolis-tem-novo-piso-salarial","status":"publish","type":"post","link":"https:\/\/tvc16.com\/portal\/2025\/03\/06\/comerciarios-de-petropolis-tem-novo-piso-salarial\/","title":{"rendered":"Comerci\u00e1rios de Petr\u00f3polis t\u00eam novo piso salarial"},"content":{"rendered":"\n<p>O sal\u00e1rio dos trabalhadores do com\u00e9rcio de Petr\u00f3polis passa a ser de R$ 1.870,00 a partir deste m\u00eas de mar\u00e7o. O reajuste sobre o atual piso do com\u00e9rcio foi acordado na negocia\u00e7\u00e3o da nova conven\u00e7\u00e3o coletiva, entre o Sindicato do Com\u00e9rcio Varejista de Petr\u00f3polis (Sicom\u00e9rcio) e o Sindicato dos Empregados no Com\u00e9rcio. Os principais pontos foram a renova\u00e7\u00e3o da autoriza\u00e7\u00e3o para o funcionamento do com\u00e9rcio em todos os feriados do ano, excluindo Natal (25\/12), ano novo (01\/01), dia do trabalhador (01\/05) e dia do Comerci\u00e1rio, al\u00e9m da regulamenta\u00e7\u00e3o do trabalho aos domingos, independente de g\u00eanero e sexo.<\/p>\n\n\n\n<p>Com a altera\u00e7\u00e3o no sal\u00e1rio-base, o piso passou de R$ 1.775,00 para R$ 1.870,00. O reajuste para quem ganha acima do piso ficou em 5%.&nbsp;<\/p>\n\n\n\n<p>&#8220;A negocia\u00e7\u00e3o coletiva permitiu o reajuste e essa valoriza\u00e7\u00e3o \u00e9 importante instrumento para fortalecimento do setor&#8221;, afirma o presidente do Sicom\u00e9rcio, Marcelo Fiorini.&nbsp;<\/p>\n\n\n\n<p>Na conven\u00e7\u00e3o coletiva tamb\u00e9m ficou acertado que as lojas poder\u00e3o abrir em todos os feriados do ano, al\u00e9m da flexibiliza\u00e7\u00e3o total da semana-inglesa, mediante a homologa\u00e7\u00e3o do termo de funcionamento nos dois sindicatos &#8211; patronal (Sicom\u00e9rcio) e dos funcion\u00e1rios.<\/p>\n\n\n\n<p>&#8220;A folga de meio-dia ser\u00e1 garantida ao empregado, a partir de negocia\u00e7\u00e3o entre patr\u00e3o e empregado, ou seja, a loja poder\u00e1 abrir, e a folga poder\u00e1 ser dada ao empregado em outro per\u00edodo da semana. Para a economia da cidade, \u00e9 importante a abertura das lojas \u00e0s segundas-feiras pela manh\u00e3. Petr\u00f3polis recebe muitos turistas e \u00e9 essencial essa iniciativa&#8221;, explica o presidente do Sicom\u00e9rcio Petr\u00f3polis, Marcelo Fiorini.<\/p>\n\n\n\n<p>Marcelo Fiorini refor\u00e7a, ainda, a import\u00e2ncia da negocia\u00e7\u00e3o. &#8220;O com\u00e9rcio petropolitano \u00e9 um grande propulsor da economia, respons\u00e1vel pelo sustento de v\u00e1rias fam\u00edlias petropolitanas e a atua\u00e7\u00e3o dos sindicatos garante a valoriza\u00e7\u00e3o dos funcion\u00e1rios que se dedicam \u00e0 fun\u00e7\u00e3o&#8221;, acrescenta.<\/p>\n","protected":false},"excerpt":{"rendered":"<p>O sal\u00e1rio dos trabalhadores do com\u00e9rcio de Petr\u00f3polis passa a ser de R$ 1.870,00 a<\/p>\n","protected":false},"author":2,"featured_media":100220,"comment_status":"open","ping_status":"open","sticky":false,"template":"","format":"standard","meta":{"footnotes":""},"categories":[12],"tags":[],"class_list":["post-100219","post","type-post","status-publish","format-standard","has-post-thumbnail","hentry","category-cidade"],"_links":{"self":[{"href":"https:\/\/tvc16.com\/portal\/wp-json\/wp\/v2\/posts\/100219","targetHints":{"allow":["GET"]}}],"collection":[{"href":"https:\/\/tvc16.com\/portal\/wp-json\/wp\/v2\/posts"}],"about":[{"href":"https:\/\/tvc16.com\/portal\/wp-json\/wp\/v2\/types\/post"}],"author":[{"embeddable":true,"href":"https:\/\/tvc16.com\/portal\/wp-json\/wp\/v2\/users\/2"}],"replies":[{"embeddable":true,"href":"https:\/\/tvc16.com\/portal\/wp-json\/wp\/v2\/comments?post=100219"}],"version-history":[{"count":1,"href":"https:\/\/tvc16.com\/portal\/wp-json\/wp\/v2\/posts\/100219\/revisions"}],"predecessor-version":[{"id":100221,"href":"https:\/\/tvc16.com\/portal\/wp-json\/wp\/v2\/posts\/100219\/revisions\/100221"}],"wp:featuredmedia":[{"embeddable":true,"href":"https:\/\/tvc16.com\/portal\/wp-json\/wp\/v2\/media\/100220"}],"wp:attachment":[{"href":"https:\/\/tvc16.com\/portal\/wp-json\/wp\/v2\/media?parent=100219"}],"wp:term":[{"taxonomy":"category","embeddable":true,"href":"https:\/\/tvc16.com\/portal\/wp-json\/wp\/v2\/categories?post=100219"},{"taxonomy":"post_tag","embeddable":true,"href":"https:\/\/tvc16.com\/portal\/wp-json\/wp\/v2\/tags?post=100219"}],"curies":[{"name":"wp","href":"https:\/\/api.w.org\/{rel}","templated":true}]}}