{"id":100229,"date":"2025-03-06T09:14:41","date_gmt":"2025-03-06T12:14:41","guid":{"rendered":"https:\/\/tvc16.com\/portal\/?p=100229"},"modified":"2025-03-06T09:14:43","modified_gmt":"2025-03-06T12:14:43","slug":"operacao-carnaval-mais-de-11-mil-autos-de-infracao-nas-rodovias-federais-do-rj","status":"publish","type":"post","link":"https:\/\/tvc16.com\/portal\/2025\/03\/06\/operacao-carnaval-mais-de-11-mil-autos-de-infracao-nas-rodovias-federais-do-rj\/","title":{"rendered":"Opera\u00e7\u00e3o Carnaval: Mais de 11 mil autos de infra\u00e7\u00e3o nas rodovias federais do RJ"},"content":{"rendered":"\n<p>APol\u00edcia Rodovi\u00e1ria Federal (PRF) registrou 136 sinistros de tr\u00e2nsito, com 152 feridos e sete mortos, entre os dias 28 de fevereiro e 5 de mar\u00e7o, nas rodovias federais do Rio de Janeiro. Durante o per\u00edodo, foram emitidos mais de 11 mil autos de infra\u00e7\u00e3o para condutores que desrespeitaram as normas de tr\u00e2nsito.<\/p>\n\n\n\n<p>Na Opera\u00e7\u00e3o Carnaval, a PRF expediu 11.667 autos de infra\u00e7\u00e3o, uma m\u00e9dia de mais de 1.600 infra\u00e7\u00f5es por dia, evidenciando a alta taxa de imprud\u00eancia entre os motoristas. A fiscaliza\u00e7\u00e3o intensificada flagrou diversas situa\u00e7\u00f5es, como excesso de velocidade e ultrapassagens proibidas, que contribu\u00edram diretamente para o aumento dos acidentes.<\/p>\n\n\n\n<p>Al\u00e9m disso, foram recuperados 24 ve\u00edculos roubados e registradas 25 ocorr\u00eancias de crimes de tr\u00e2nsito. A opera\u00e7\u00e3o tamb\u00e9m resultou na pris\u00e3o de 55 pessoas por crimes diversos.<\/p>\n\n\n\n<p><strong>Acidentes fatais<\/strong><\/p>\n\n\n\n<p>Na quarta-feira (5), por volta das 19h, um atropelamento resultou na morte de uma pessoa, na Rodovia Rio-Santos (BR-101), em Itagua\u00ed. Outro acidente fatal ocorreu, com um morto, na segunda-feira (3), em Rio Bonito, ap\u00f3s um ve\u00edculo sair da pista na BR-101. Na noite do dia anterior (2), em Vassouras, na BR-393, duas pessoas morreram em uma colis\u00e3o frontal entre um carro e uma carreta. No domingo (1\u00ba), quatro pessoas que viajavam em uma mesma motocicleta se envolveram em mais um grave sinistro de tr\u00e2nsito, resultando em duas mortes, na BR-101, na altura de Itabora\u00ed. Um pedestre tamb\u00e9m morreu atropelado, na sexta-feira (28), na BR-101, em Campos dos Goytacazes.<\/p>\n\n\n\n<p><strong>Carnaval 2024<\/strong><\/p>\n\n\n\n<p>No ano anterior, foram registrados 120 acidentes, com 133 feridos e tr\u00eas mortos.<\/p>\n","protected":false},"excerpt":{"rendered":"<p>APol\u00edcia Rodovi\u00e1ria Federal (PRF) registrou 136 sinistros de tr\u00e2nsito, com 152 feridos e sete mortos,<\/p>\n","protected":false},"author":2,"featured_media":100230,"comment_status":"open","ping_status":"open","sticky":false,"template":"","format":"standard","meta":{"footnotes":""},"categories":[17],"tags":[],"class_list":["post-100229","post","type-post","status-publish","format-standard","has-post-thumbnail","hentry","category-outras-noticias"],"_links":{"self":[{"href":"https:\/\/tvc16.com\/portal\/wp-json\/wp\/v2\/posts\/100229","targetHints":{"allow":["GET"]}}],"collection":[{"href":"https:\/\/tvc16.com\/portal\/wp-json\/wp\/v2\/posts"}],"about":[{"href":"https:\/\/tvc16.com\/portal\/wp-json\/wp\/v2\/types\/post"}],"author":[{"embeddable":true,"href":"https:\/\/tvc16.com\/portal\/wp-json\/wp\/v2\/users\/2"}],"replies":[{"embeddable":true,"href":"https:\/\/tvc16.com\/portal\/wp-json\/wp\/v2\/comments?post=100229"}],"version-history":[{"count":1,"href":"https:\/\/tvc16.com\/portal\/wp-json\/wp\/v2\/posts\/100229\/revisions"}],"predecessor-version":[{"id":100231,"href":"https:\/\/tvc16.com\/portal\/wp-json\/wp\/v2\/posts\/100229\/revisions\/100231"}],"wp:featuredmedia":[{"embeddable":true,"href":"https:\/\/tvc16.com\/portal\/wp-json\/wp\/v2\/media\/100230"}],"wp:attachment":[{"href":"https:\/\/tvc16.com\/portal\/wp-json\/wp\/v2\/media?parent=100229"}],"wp:term":[{"taxonomy":"category","embeddable":true,"href":"https:\/\/tvc16.com\/portal\/wp-json\/wp\/v2\/categories?post=100229"},{"taxonomy":"post_tag","embeddable":true,"href":"https:\/\/tvc16.com\/portal\/wp-json\/wp\/v2\/tags?post=100229"}],"curies":[{"name":"wp","href":"https:\/\/api.w.org\/{rel}","templated":true}]}}