{"id":100235,"date":"2025-03-06T11:00:52","date_gmt":"2025-03-06T14:00:52","guid":{"rendered":"https:\/\/tvc16.com\/portal\/?p=100235"},"modified":"2025-03-06T11:00:54","modified_gmt":"2025-03-06T14:00:54","slug":"hoteis-do-rio-de-janeiro-terminam-carnaval-com-ocupacao-de-9862","status":"publish","type":"post","link":"https:\/\/tvc16.com\/portal\/2025\/03\/06\/hoteis-do-rio-de-janeiro-terminam-carnaval-com-ocupacao-de-9862\/","title":{"rendered":"Hot\u00e9is do Rio de Janeiro terminam carnaval com ocupa\u00e7\u00e3o de 98,62%"},"content":{"rendered":"\n<p><em>Em 2024, n\u00edvel sequer chegou a 87%<\/em><\/p>\n\n\n\n<p>Por Bruno de Freitas Moura &#8211; Rep\u00f3rter da Ag\u00eancia Brasil \/ Foto: Foto de Arquivo &#8211; Ag\u00eancia Brasil<\/p>\n\n\n\n<p>Os&nbsp;<strong>hot\u00e9is do Rio de Janeiro atravessaram o per\u00edodo de carnaval com ocupa\u00e7\u00e3o m\u00e9dia dos leitos em 98,62%<\/strong>. O \u00edndice de procura supera os 86,92% registrados em 2024. Os dados s\u00e3o do Hot\u00e9isRIO, o sindicato de donos de meios de hospedagem da capital carioca.<img decoding=\"async\" src=\"https:\/\/agenciabrasil.ebc.com.br\/ebc.png?id=1633464&amp;o=node\"><img decoding=\"async\" src=\"https:\/\/agenciabrasil.ebc.com.br\/ebc.gif?id=1633464&amp;o=node\"><\/p>\n\n\n\n<p>A&nbsp;<strong>regi\u00e3o da cidade mais procurada pelos turistas foi o Centro &#8211; onde acontecem os desfiles das escolas de samba e se apresentam in\u00fameros blocos de rua \u2013 e os bairros da zona sul e da Barra da Tijuca e Recreio dos Bandeirantes, na zona oeste, onde se localizam as praias e in\u00fameros blocos carnavalescos.<\/strong><\/p>\n\n\n\n<h2 class=\"wp-block-heading\"><strong>\u00cdndice de ocupa\u00e7\u00e3o nos principais bairros:<\/strong><\/h2>\n\n\n\n<p>Centro (99,37%)<\/p>\n\n\n\n<p>Leme\/ Copacabana (99,18%)<\/p>\n\n\n\n<p>Flamengo\/ Botafogo (99,05%)<\/p>\n\n\n\n<p>Ipanema\/ Leblon (98,82%)<\/p>\n\n\n\n<p>Barra da Tijuca\/ Recreio\/ S\u00e3o Conrado (96,69%)<\/p>\n\n\n\n<blockquote class=\"wp-block-quote is-layout-flow wp-block-quote-is-layout-flow\">\n<p>O presidente do Hot\u00e9isRIO, Alfredo Lopes, celebrou o carnaval de hot\u00e9is cheios. \u201cBons resultados para a cadeia do turismo \u2013 bares, restaurantes e shoppings -, com benef\u00edcios para a arrecada\u00e7\u00e3o da cidade\u201d.<\/p>\n<\/blockquote>\n\n\n\n<h2 class=\"wp-block-heading\">Dinheiro na cidade<\/h2>\n\n\n\n<p>A&nbsp;<strong>prefeitura do Rio de Janeiro estimou que o carnaval movimentaria R$ 5,7 bilh\u00f5es na cidade<\/strong>. Eram esperados 8 milh\u00f5es de foli\u00f5es &#8211; entre cariocas e visitantes &#8211; nos diversos eventos carnavalescos, como blocos, bailes populares e desfiles.<\/p>\n\n\n\n<p><strong>A grande maioria (6 milh\u00f5es), nos blocos de rua. Contando o pr\u00e9-carnaval e o pr\u00f3ximo s\u00e1bado (8), a cidade conta com 457 apresenta\u00e7\u00f5es de blocos autorizadas<\/strong>.<\/p>\n\n\n\n<h2 class=\"wp-block-heading\">Regi\u00e3o dos lagos<\/h2>\n\n\n\n<p>Em rela\u00e7\u00e3o \u00e0s demais regi\u00f5es tur\u00edsticas do estado, a Associa\u00e7\u00e3o Brasileira da Ind\u00fastria de Hot\u00e9is do Rio de Janeiro (ABIH-RJ) informou que os locais com maior ocupa\u00e7\u00e3o foram Arraial do Cabo (96,40%) e Cabo Frio (95,50%).<\/p>\n\n\n\n<p>As duas cidades ficam na regi\u00e3o dos lagos, onde o grande atrativo s\u00e3o as praias.&nbsp;<a href=\"https:\/\/www.gov.br\/turismo\/pt-br\/assuntos\/noticias\/arraial-do-cabo-rj-e-a-capital-nacional-do-mergulho\" target=\"_blank\" rel=\"noreferrer noopener\">Arraial do Cabo \u00e9 reconhecida formalmente como capital nacional do mergulho<\/a>.<br><\/p>\n","protected":false},"excerpt":{"rendered":"<p>Em 2024, n\u00edvel sequer chegou a 87% Por Bruno de Freitas Moura &#8211; Rep\u00f3rter da<\/p>\n","protected":false},"author":2,"featured_media":100236,"comment_status":"open","ping_status":"open","sticky":false,"template":"","format":"standard","meta":{"footnotes":""},"categories":[17],"tags":[],"class_list":["post-100235","post","type-post","status-publish","format-standard","has-post-thumbnail","hentry","category-outras-noticias"],"_links":{"self":[{"href":"https:\/\/tvc16.com\/portal\/wp-json\/wp\/v2\/posts\/100235","targetHints":{"allow":["GET"]}}],"collection":[{"href":"https:\/\/tvc16.com\/portal\/wp-json\/wp\/v2\/posts"}],"about":[{"href":"https:\/\/tvc16.com\/portal\/wp-json\/wp\/v2\/types\/post"}],"author":[{"embeddable":true,"href":"https:\/\/tvc16.com\/portal\/wp-json\/wp\/v2\/users\/2"}],"replies":[{"embeddable":true,"href":"https:\/\/tvc16.com\/portal\/wp-json\/wp\/v2\/comments?post=100235"}],"version-history":[{"count":1,"href":"https:\/\/tvc16.com\/portal\/wp-json\/wp\/v2\/posts\/100235\/revisions"}],"predecessor-version":[{"id":100237,"href":"https:\/\/tvc16.com\/portal\/wp-json\/wp\/v2\/posts\/100235\/revisions\/100237"}],"wp:featuredmedia":[{"embeddable":true,"href":"https:\/\/tvc16.com\/portal\/wp-json\/wp\/v2\/media\/100236"}],"wp:attachment":[{"href":"https:\/\/tvc16.com\/portal\/wp-json\/wp\/v2\/media?parent=100235"}],"wp:term":[{"taxonomy":"category","embeddable":true,"href":"https:\/\/tvc16.com\/portal\/wp-json\/wp\/v2\/categories?post=100235"},{"taxonomy":"post_tag","embeddable":true,"href":"https:\/\/tvc16.com\/portal\/wp-json\/wp\/v2\/tags?post=100235"}],"curies":[{"name":"wp","href":"https:\/\/api.w.org\/{rel}","templated":true}]}}