{"id":100238,"date":"2025-03-06T11:27:38","date_gmt":"2025-03-06T14:27:38","guid":{"rendered":"https:\/\/tvc16.com\/portal\/?p=100238"},"modified":"2025-03-06T11:27:48","modified_gmt":"2025-03-06T14:27:48","slug":"cinemaxx-mercado-estacao-suspende-atividades-devido-a-manutencao-da-enel","status":"publish","type":"post","link":"https:\/\/tvc16.com\/portal\/2025\/03\/06\/cinemaxx-mercado-estacao-suspende-atividades-devido-a-manutencao-da-enel\/","title":{"rendered":"Cinemaxx Mercado Esta\u00e7\u00e3o suspende atividades devido a manuten\u00e7\u00e3o da Enel"},"content":{"rendered":"\n<p>Uma manuten\u00e7\u00e3o emergencial realizada pela Enel interrompeu as opera\u00e7\u00f5es do Cinemaxx Mercado Esta\u00e7\u00e3o, impossibilitando o funcionamento do cinema por falta de energia suficiente. A equipe j\u00e1 est\u00e1 tomando as provid\u00eancias necess\u00e1rias para solucionar o problema o mais r\u00e1pido poss\u00edvel. Assim que a situa\u00e7\u00e3o for normalizada, o p\u00fablico ser\u00e1 informado sobre a retomada da programa\u00e7\u00e3o.<\/p>\n\n\n\n<p>A Rede Cinemaxxx gerencia 03 (tr\u00eas) unidades, em pleno funcionamento: Cinemaxxx Gl\u00f3ria, \u00e0 Rua Amadeu Tinoco de Lacerda, 6 &#8211; Centro &#8211; Itaperuna\/RJ, Cinemaxx Bauhaus Petr\u00f3polis \u2013 Exclusive, \u00e0 Rua Dr. Nelson de S\u00e1 Earp, 88 &#8211; Centro \u2013 Petr\u00f3polis\/ RJ e Cinemaxxx Mercado Esta\u00e7\u00e3o, \u00e0 Rua Paulo Barbosa, 296 \/ 1\u00b0 Piso &#8211; Centro &#8211; Petr\u00f3polis\/RJ.<\/p>\n","protected":false},"excerpt":{"rendered":"<p>Uma manuten\u00e7\u00e3o emergencial realizada pela Enel interrompeu as opera\u00e7\u00f5es do Cinemaxx Mercado Esta\u00e7\u00e3o, impossibilitando o<\/p>\n","protected":false},"author":2,"featured_media":100239,"comment_status":"open","ping_status":"open","sticky":false,"template":"","format":"standard","meta":{"footnotes":""},"categories":[12],"tags":[],"class_list":["post-100238","post","type-post","status-publish","format-standard","has-post-thumbnail","hentry","category-cidade"],"_links":{"self":[{"href":"https:\/\/tvc16.com\/portal\/wp-json\/wp\/v2\/posts\/100238","targetHints":{"allow":["GET"]}}],"collection":[{"href":"https:\/\/tvc16.com\/portal\/wp-json\/wp\/v2\/posts"}],"about":[{"href":"https:\/\/tvc16.com\/portal\/wp-json\/wp\/v2\/types\/post"}],"author":[{"embeddable":true,"href":"https:\/\/tvc16.com\/portal\/wp-json\/wp\/v2\/users\/2"}],"replies":[{"embeddable":true,"href":"https:\/\/tvc16.com\/portal\/wp-json\/wp\/v2\/comments?post=100238"}],"version-history":[{"count":1,"href":"https:\/\/tvc16.com\/portal\/wp-json\/wp\/v2\/posts\/100238\/revisions"}],"predecessor-version":[{"id":100240,"href":"https:\/\/tvc16.com\/portal\/wp-json\/wp\/v2\/posts\/100238\/revisions\/100240"}],"wp:featuredmedia":[{"embeddable":true,"href":"https:\/\/tvc16.com\/portal\/wp-json\/wp\/v2\/media\/100239"}],"wp:attachment":[{"href":"https:\/\/tvc16.com\/portal\/wp-json\/wp\/v2\/media?parent=100238"}],"wp:term":[{"taxonomy":"category","embeddable":true,"href":"https:\/\/tvc16.com\/portal\/wp-json\/wp\/v2\/categories?post=100238"},{"taxonomy":"post_tag","embeddable":true,"href":"https:\/\/tvc16.com\/portal\/wp-json\/wp\/v2\/tags?post=100238"}],"curies":[{"name":"wp","href":"https:\/\/api.w.org\/{rel}","templated":true}]}}