{"id":10024,"date":"2021-01-30T01:08:13","date_gmt":"2021-01-30T04:08:13","guid":{"rendered":"https:\/\/tvc16.com\/portal\/?p=10024"},"modified":"2021-01-30T01:08:15","modified_gmt":"2021-01-30T04:08:15","slug":"festa-literaria-da-serra-imperial-sera-neste-sabado-30-a-partir-das-10h","status":"publish","type":"post","link":"https:\/\/tvc16.com\/portal\/2021\/01\/30\/festa-literaria-da-serra-imperial-sera-neste-sabado-30-a-partir-das-10h\/","title":{"rendered":"Festa Liter\u00e1ria da Serra Imperial ser\u00e1 neste s\u00e1bado (30), a partir das 10h"},"content":{"rendered":"\n<p><\/p>\n\n\n\n<p><em>Ao todo, a edi\u00e7\u00e3o deste ano&nbsp;da FLISI distribuiu 1.000 livros em diversos pontos da cidade. A conta\u00e7\u00e3o \u00e9 gratuita e aberta ao p\u00fablico em geral nas redes sociais do evento<\/em><\/p>\n\n\n\n<p>Ao longo do m\u00eas de janeiro, a Festa Liter\u00e1ria da Serra Imperial esteve presente\u00a0em diferentes pontos da cidade realizando a distribui\u00e7\u00e3o de 1.000 livros, desde o Centro at\u00e9 os distritos. Muitas crian\u00e7as e seus familiares foram presenteados e est\u00e3o animados para o\u00a0grande dia, quando acontece a conta\u00e7\u00e3o de hist\u00f3rias das cinco obras que abrilhantaram o projeto. A transmiss\u00e3o online, atrav\u00e9s das redes da FLISI, est\u00e1 marcada para este s\u00e1bado, dia 30, com in\u00edcio \u00e0s 10h e seguindo ao longo de todo o dia.\u00a0\u00a0<\/p>\n\n\n\n<p>As hist\u00f3rias apresentadas em cada livro e selecionadas pelo Instituto, pretendem munir as crian\u00e7as com&nbsp;temas sens\u00edveis uma vez que os textos s\u00e3o inclusivos, abordando quest\u00f5es do dia a dia de muitas crian\u00e7as, suas dificuldades e anseios.<\/p>\n\n\n\n<p>A conta\u00e7\u00e3o ir\u00e1 transcorrer da seguinte forma: \u201cO livro que lia livros\u201d, de Sandra Aymone, \u00e0s 10h; \u201cMuito mais que um jardim\u201d, de Sandra Aymone, \u00e0s 11h; \u201cO grande dia\u201d, de Patr\u00edcia Engel Secco, \u00e0s 14h; \u201cA Casa Amarela\u201d, de Keyla Ferrari, \u00e0s 15h; e \u201cA Gritadeira\u201d, de Sandra Aymone, \u00e0s 16h.<\/p>\n\n\n\n<p>A transmiss\u00e3o das hist\u00f3rias ser\u00e1 feita nas redes sociais da FLISI, atrav\u00e9s dos endere\u00e7os&nbsp;@festaliterariadaserraimperial (Instagram) e&nbsp;<a rel=\"noreferrer noopener\" target=\"_blank\" href=\"http:\/\/facebook.com\/festaliterariadaserraimperial\">facebook.com\/festaliterariadaserraimperial<\/a>&nbsp;(Facebook). A conta\u00e7\u00e3o tamb\u00e9m pode ser acompanhada no Youtube pelo endere\u00e7o&nbsp;<a rel=\"noreferrer noopener\" target=\"_blank\" href=\"https:\/\/www.youtube.com\/channel\/UC4jkFLWS6_tckU6k52qQPhA\">https:\/\/www.youtube.com\/channel\/UC4jkFLWS6_tckU6k52qQPhA<\/a>.&nbsp;<\/p>\n\n\n\n<p><strong>FLISI com foco no p\u00fablico infantil<\/strong><\/p>\n\n\n\n<p>Em tempos t\u00e3o dif\u00edceis de pandemia por conta da Covid 19, que levou o mundo ao isolamento social,&nbsp;gerando sofrimento \u00e0 muitas crian\u00e7as por estarem longe da escola, do contato com os amigos e professores, o l\u00fadico \u00e9 de suma import\u00e2ncia para que elas possam acalentar suas emo\u00e7\u00f5es atrav\u00e9s da arte da leitura e de belas hist\u00f3rias que, certamente, ajudam a atravessar tempos complexos como este.<\/p>\n\n\n\n<p>A partir deste pensamento, o&nbsp;Instituto Oldemburg de Desenvolvimento, uma entidade voltada para a valoriza\u00e7\u00e3o do livro e da leitura como ferramentas de promo\u00e7\u00e3o da cultura, da inclus\u00e3o social e da conquista de autonomia das comunidades beneficiadas por seus projetos, que promove anualmente a Festa Liter\u00e1ria da Serra Imperial, nesta edi\u00e7\u00e3o, decidiu&nbsp;se dedicar inteiramente ao p\u00fablico infantil com a realiza\u00e7\u00e3o da \u201cFLISI Contando Hist\u00f3rias&#8230;<\/p>\n\n\n\n<p>\u201cDecidimos sair do Centro de Petr\u00f3polis e migrar para os outros distritos com o intuito de chegar mais perto das comunidades que mais precisam ser prestigiadas, realizando um trabalho social focado em uma a\u00e7\u00e3o junto \u00e0s associa\u00e7\u00f5es de moradores e institui\u00e7\u00f5es sociais locais, com foco no p\u00fablico infantil e juvenil, levando o livro para a casa de crian\u00e7as que tem menos acesso a atividades de intera\u00e7\u00e3o familiar\u201d.<\/p>\n\n\n\n<p>Entre os parceiros desta edi\u00e7\u00e3o da FLISI est\u00e3o: Supermercado Bramil unidades Itaipava e Itamarati, Amavale \u2013 Associa\u00e7\u00e3o de Moradores do Vale das Videiras, Instituto Caminho da Ro\u00e7a, em Secret\u00e1rio;&nbsp;Gallerya Book Shop, em Itaipava, Espa\u00e7o Liter\u00e1rio Jos\u00e9 C\u00e2ndido Monteiro de Barros Bastos, em Corr\u00eaas e Livraria Nobel, no Centro de Petr\u00f3polis,&nbsp;Associa\u00e7\u00e3o de Moradores do Contorno, Associa\u00e7\u00e3o de Moradores Madame Machado e Associa\u00e7\u00e3o de Moradores Manoel Torres, no Bingen.&nbsp;<\/p>\n\n\n\n<p><\/p>\n","protected":false},"excerpt":{"rendered":"<p>Ao todo, a edi\u00e7\u00e3o deste ano&nbsp;da FLISI distribuiu 1.000 livros em diversos pontos da cidade.<\/p>\n","protected":false},"author":2,"featured_media":10025,"comment_status":"open","ping_status":"open","sticky":false,"template":"","format":"standard","meta":{"footnotes":""},"categories":[12],"tags":[],"class_list":["post-10024","post","type-post","status-publish","format-standard","has-post-thumbnail","hentry","category-cidade"],"_links":{"self":[{"href":"https:\/\/tvc16.com\/portal\/wp-json\/wp\/v2\/posts\/10024","targetHints":{"allow":["GET"]}}],"collection":[{"href":"https:\/\/tvc16.com\/portal\/wp-json\/wp\/v2\/posts"}],"about":[{"href":"https:\/\/tvc16.com\/portal\/wp-json\/wp\/v2\/types\/post"}],"author":[{"embeddable":true,"href":"https:\/\/tvc16.com\/portal\/wp-json\/wp\/v2\/users\/2"}],"replies":[{"embeddable":true,"href":"https:\/\/tvc16.com\/portal\/wp-json\/wp\/v2\/comments?post=10024"}],"version-history":[{"count":1,"href":"https:\/\/tvc16.com\/portal\/wp-json\/wp\/v2\/posts\/10024\/revisions"}],"predecessor-version":[{"id":10026,"href":"https:\/\/tvc16.com\/portal\/wp-json\/wp\/v2\/posts\/10024\/revisions\/10026"}],"wp:featuredmedia":[{"embeddable":true,"href":"https:\/\/tvc16.com\/portal\/wp-json\/wp\/v2\/media\/10025"}],"wp:attachment":[{"href":"https:\/\/tvc16.com\/portal\/wp-json\/wp\/v2\/media?parent=10024"}],"wp:term":[{"taxonomy":"category","embeddable":true,"href":"https:\/\/tvc16.com\/portal\/wp-json\/wp\/v2\/categories?post=10024"},{"taxonomy":"post_tag","embeddable":true,"href":"https:\/\/tvc16.com\/portal\/wp-json\/wp\/v2\/tags?post=10024"}],"curies":[{"name":"wp","href":"https:\/\/api.w.org\/{rel}","templated":true}]}}