{"id":100241,"date":"2025-03-07T05:00:00","date_gmt":"2025-03-07T08:00:00","guid":{"rendered":"https:\/\/tvc16.com\/portal\/?p=100241"},"modified":"2025-03-06T11:29:59","modified_gmt":"2025-03-06T14:29:59","slug":"cefet-rj-petropolis-promove-simposio-de-codocencia-e-docencia-compartilhada-em-maio","status":"publish","type":"post","link":"https:\/\/tvc16.com\/portal\/2025\/03\/07\/cefet-rj-petropolis-promove-simposio-de-codocencia-e-docencia-compartilhada-em-maio\/","title":{"rendered":"Cefet\/RJ Petr\u00f3polis promove simp\u00f3sio de codoc\u00eancia e doc\u00eancia compartilhada em maio"},"content":{"rendered":"\n<p><em>Inscri\u00e7\u00f5es para o SimCoDoC est\u00e3o abertas e s\u00e3o gratuitas<\/em><\/p>\n\n\n\n<p>Est\u00e1 aberto o per\u00edodo de submiss\u00e3o de trabalhos e de inscri\u00e7\u00f5es para o II Simp\u00f3sio sobre Codoc\u00eancia e Doc\u00eancia Compartilhada (II SimCoDoC), que acontecer\u00e1 no Cefet\/RJ Petr\u00f3polis entre 26 e 30 de maio. Em formato semipresencial, o evento tem abrang\u00eancia nacional e \u00e9 voltado para professores, licenciandos e demais profissionais da educa\u00e7\u00e3o.<\/p>\n\n\n\n<p>O simp\u00f3sio \u00e9 um espa\u00e7o para debate acad\u00eamico sobre as pesquisas e suas diversidades no campo da forma\u00e7\u00e3o inicial e continuada de professores nas diferentes \u00e1reas do conhecimento. Tem como objetivo promover o di\u00e1logo entre os profissionais da educa\u00e7\u00e3o, que discutem, pesquisam e desenvolvem codoc\u00eancia e doc\u00eancia compartilhada em suas atividades.<\/p>\n\n\n\n<p>A programa\u00e7\u00e3o da 2\u00aa edi\u00e7\u00e3o prev\u00ea mesas-redondas, confer\u00eancia, f\u00f3runs e sess\u00f5es de debate, al\u00e9m da participa\u00e7\u00e3o de docentes de diferentes n\u00edveis de atua\u00e7\u00e3o e de variados estados do Brasil. As inscri\u00e7\u00f5es para participar do evento s\u00e3o gratuitas e est\u00e3o abertas at\u00e9 o dia 19 de maio. J\u00e1 o prazo para submiss\u00e3o de trabalhos se encerra em 20 de mar\u00e7o. Ambas podem ser realizadas por meio do link https:\/\/bit.ly\/inscricoes-simcodoc2025.<\/p>\n\n\n\n<p>O professor Glauco Silva, respons\u00e1vel pela coordena\u00e7\u00e3o geral do evento, declarou que o SimCoDoC representa um momento importante para as licenciaturas em F\u00edsica e em Matem\u00e1tica do Cefet\/RJ Petr\u00f3polis por ser a uma culmin\u00e2ncia do que \u00e9 realizado no curso. \u201cReunir profissionais da educa\u00e7\u00e3o de diferentes locais ao redor deste tema ajuda na divulga\u00e7\u00e3o de uma cultura colaborativa, ao mesmo tempo que contribui para sistematizar os processos que j\u00e1 vem sendo realizados nas diferentes esferas da unidade. O Cefet\/RJ Petr\u00f3polis \u00e9 a primeira institui\u00e7\u00e3o p\u00fablica federal na cidade e, por isso, tem a responsabilidade de promover debates e de se tornar refer\u00eancia de educa\u00e7\u00e3o de qualidade aqui em Petr\u00f3polis\u201d, destacou.<\/p>\n\n\n\n<p>A comiss\u00e3o organizadora, assim como o Comit\u00ea Cient\u00edfico do SimCoDoC, \u00e9 composta por professores do curso de Licenciatura em F\u00edsica do Cefet\/RJ Petr\u00f3polis e por docentes da educa\u00e7\u00e3o b\u00e1sica, licenciandos e p\u00f3s-graduandos de variadas universidades e institui\u00e7\u00f5es p\u00fablicas do pa\u00eds.<\/p>\n\n\n\n<p>\u201cEntendemos que a colabora\u00e7\u00e3o \u00e9 uma pr\u00e1tica pol\u00edtico-epistemol\u00f3gica contra-hegem\u00f4nica e, por isso, nosso esfor\u00e7o de reunir pessoas de diferentes locais e com experi\u00eancias diversas para fortalecer a luta pela educa\u00e7\u00e3o de qualidade, que implica, entre outras, a luta pelas condi\u00e7\u00f5es de trabalho docente. Da\u00ed a import\u00e2ncia e a relev\u00e2ncia do II SimCoDoC para educa\u00e7\u00e3o brasileira, especialmente, para forma\u00e7\u00e3o docente\u201d, ressaltou Glauco.<\/p>\n\n\n\n<p>Promovido pelo curso de Licenciatura em F\u00edsica do Cefet\/RJ Petr\u00f3polis, o SimCoDoc tem o apoio do pr\u00f3prio Cefet\/RJ, do Programa de P\u00f3s-Gradua\u00e7\u00e3o em Ci\u00eancia, Tecnologia e Educa\u00e7\u00e3o (PPCTE\/Cefet\/RJ) e do Instituto Nutes de Educa\u00e7\u00e3o em Ci\u00eancias da Sa\u00fade da UFRJ. O Simp\u00f3sio conta ainda com o apoio financeiro da Capes e da Faperj.<\/p>\n\n\n\n<p>Maiores informa\u00e7\u00f5es em https:\/\/bit.ly\/inscricoes-simcodoc2025.<\/p>\n","protected":false},"excerpt":{"rendered":"<p>Inscri\u00e7\u00f5es para o SimCoDoC est\u00e3o abertas e s\u00e3o gratuitas Est\u00e1 aberto o per\u00edodo de submiss\u00e3o<\/p>\n","protected":false},"author":2,"featured_media":71074,"comment_status":"open","ping_status":"open","sticky":false,"template":"","format":"standard","meta":{"footnotes":""},"categories":[12],"tags":[],"class_list":["post-100241","post","type-post","status-publish","format-standard","has-post-thumbnail","hentry","category-cidade"],"_links":{"self":[{"href":"https:\/\/tvc16.com\/portal\/wp-json\/wp\/v2\/posts\/100241","targetHints":{"allow":["GET"]}}],"collection":[{"href":"https:\/\/tvc16.com\/portal\/wp-json\/wp\/v2\/posts"}],"about":[{"href":"https:\/\/tvc16.com\/portal\/wp-json\/wp\/v2\/types\/post"}],"author":[{"embeddable":true,"href":"https:\/\/tvc16.com\/portal\/wp-json\/wp\/v2\/users\/2"}],"replies":[{"embeddable":true,"href":"https:\/\/tvc16.com\/portal\/wp-json\/wp\/v2\/comments?post=100241"}],"version-history":[{"count":1,"href":"https:\/\/tvc16.com\/portal\/wp-json\/wp\/v2\/posts\/100241\/revisions"}],"predecessor-version":[{"id":100242,"href":"https:\/\/tvc16.com\/portal\/wp-json\/wp\/v2\/posts\/100241\/revisions\/100242"}],"wp:featuredmedia":[{"embeddable":true,"href":"https:\/\/tvc16.com\/portal\/wp-json\/wp\/v2\/media\/71074"}],"wp:attachment":[{"href":"https:\/\/tvc16.com\/portal\/wp-json\/wp\/v2\/media?parent=100241"}],"wp:term":[{"taxonomy":"category","embeddable":true,"href":"https:\/\/tvc16.com\/portal\/wp-json\/wp\/v2\/categories?post=100241"},{"taxonomy":"post_tag","embeddable":true,"href":"https:\/\/tvc16.com\/portal\/wp-json\/wp\/v2\/tags?post=100241"}],"curies":[{"name":"wp","href":"https:\/\/api.w.org\/{rel}","templated":true}]}}