{"id":100251,"date":"2025-03-06T14:11:54","date_gmt":"2025-03-06T17:11:54","guid":{"rendered":"https:\/\/tvc16.com\/portal\/?p=100251"},"modified":"2025-03-06T14:11:57","modified_gmt":"2025-03-06T17:11:57","slug":"mprj-capacita-agentes-publicos-para-combater-o-desmatamento-e-proteger-o-meio-ambiente","status":"publish","type":"post","link":"https:\/\/tvc16.com\/portal\/2025\/03\/06\/mprj-capacita-agentes-publicos-para-combater-o-desmatamento-e-proteger-o-meio-ambiente\/","title":{"rendered":"MPRJ capacita agentes p\u00fablicos para combater o desmatamento e proteger o meio ambiente"},"content":{"rendered":"\n<p>A 2\u00aa Promotoria de Justi\u00e7a de Tutela Coletiva do N\u00facleo Tr\u00eas Rios e o Centro de Apoio Operacional das Promotorias de Justi\u00e7a de Tutela Coletiva do Meio Ambiente e do Urbanismo (CAO Meio Ambiente e Ordem Urban\u00edstica\/MPRJ) realizam, na pr\u00f3xima ter\u00e7a-feira (11\/03), uma capacita\u00e7\u00e3o de servidores p\u00fablicos nos programas Fuma\u00e7a Zero e Olho no Verde. Os programas s\u00e3o mantidos pelo Instituto Estadual do Ambiente (INEA) e pela Secretaria de Estado do Ambiente e Sustentabilidade (SEAS) com o objetivo de integrar a\u00e7\u00f5es de educa\u00e7\u00e3o e fiscaliza\u00e7\u00e3o ambiental e combater o desmatamento.<\/p>\n\n\n\n<p>O evento acontecer\u00e1 na sede do Minist\u00e9rio P\u00fablico do Estado do Rio de Janeiro (MPRJ) em Tr\u00eas Rios a partir das 8h30, quando ser\u00e1 realizado o credenciamento. S\u00e3o aguardados agentes da Guarda Municipal e das Secretarias de Meio Ambiente e Defesa Civil dos Munic\u00edpios de Areal, Carmo, Para\u00edba do Sul, Tr\u00eas Rios, Comendador Levy Gasparian e Sapucaia, al\u00e9m de servidores do Corpo de Bombeiros Militar do Estado do Rio de Janeiro.<\/p>\n\n\n\n<p>Os promotores de Justi\u00e7a Vin\u00edcius Lameira, coordenador do CAO Meio Ambiente e Ordem Urban\u00edstica\/MPRJ, e Andr\u00e9 Dickstein, subcoordenador do CAO Meio Ambiente e titular da 2\u00aa Promotoria de Justi\u00e7a de Tutela Coletiva do N\u00facleo Tr\u00eas Rios, falar\u00e3o sobre emerg\u00eancia clim\u00e1tica, prote\u00e7\u00e3o florestal e tecnologias de fiscaliza\u00e7\u00e3o remota.<\/p>\n\n\n\n<p>O programa Fuma\u00e7a Zero ser\u00e1 abordado pelo palestrante Israel Andrade, da Ger\u00eancia de Guarda Parque. O tema fiscaliza\u00e7\u00e3o ambiental aplicada \u00e0s queimadas e ao desmatamento ser\u00e1 apresentado por Natalia Gomes, da Diretoria de P\u00f3s-Licen\u00e7a do INEA.<\/p>\n\n\n\n<p>J\u00e1 o programa Olho no Verde ser\u00e1 apresentado pela coordenadora de Gest\u00e3o do Territ\u00f3rio da SEAS, Julia Bochner, que falar\u00e1 sobre o processo de Ades\u00e3o \u00e0 Rede Parceiro Olho no Verde e a import\u00e2ncia da participa\u00e7\u00e3o municipal no combate ao desmatamento ilegal e \u00e0s queimadas. Gabriel Lardosa e Paulo Frevier, da Ger\u00eancia de Gest\u00e3o do Territ\u00f3rio e Informa\u00e7\u00f5es do INEA, encerram o ciclo de palestras apresentando a plataforma gerencial do programa aos presentes.<\/p>\n\n\n\n<p>Servi\u00e7o<\/p>\n\n\n\n<p>Data: 11 de mar\u00e7o de 2025<\/p>\n\n\n\n<p>Local: Av. Tenente En\u00e9ias Torno, n\u00ba 50, Centro de Tr\u00eas Rios<\/p>\n\n\n\n<p>Modalidade: Presencial<\/p>\n\n\n\n<p>8:30h \u00e0s 9h &#8211; Credenciamento<\/p>\n\n\n\n<p>9h \u00e0s 9:15h \u2013 Palestras<\/p>\n\n\n\n<p>11:30h \u00e0s 12h &#8211; Debates<\/p>\n\n\n\n<p>12 \u00e0s 14h &#8211; Almo\u00e7o<\/p>\n\n\n\n<p>14h \u00e0s 17h &#8211; Palestras<\/p>\n\n\n\n<p>Por MPRJ<\/p>\n\n\n\n<p>Foto: rede social <\/p>\n","protected":false},"excerpt":{"rendered":"<p>A 2\u00aa Promotoria de Justi\u00e7a de Tutela Coletiva do N\u00facleo Tr\u00eas Rios e o Centro<\/p>\n","protected":false},"author":2,"featured_media":67942,"comment_status":"open","ping_status":"open","sticky":false,"template":"","format":"standard","meta":{"footnotes":""},"categories":[17],"tags":[],"class_list":["post-100251","post","type-post","status-publish","format-standard","has-post-thumbnail","hentry","category-outras-noticias"],"_links":{"self":[{"href":"https:\/\/tvc16.com\/portal\/wp-json\/wp\/v2\/posts\/100251","targetHints":{"allow":["GET"]}}],"collection":[{"href":"https:\/\/tvc16.com\/portal\/wp-json\/wp\/v2\/posts"}],"about":[{"href":"https:\/\/tvc16.com\/portal\/wp-json\/wp\/v2\/types\/post"}],"author":[{"embeddable":true,"href":"https:\/\/tvc16.com\/portal\/wp-json\/wp\/v2\/users\/2"}],"replies":[{"embeddable":true,"href":"https:\/\/tvc16.com\/portal\/wp-json\/wp\/v2\/comments?post=100251"}],"version-history":[{"count":1,"href":"https:\/\/tvc16.com\/portal\/wp-json\/wp\/v2\/posts\/100251\/revisions"}],"predecessor-version":[{"id":100252,"href":"https:\/\/tvc16.com\/portal\/wp-json\/wp\/v2\/posts\/100251\/revisions\/100252"}],"wp:featuredmedia":[{"embeddable":true,"href":"https:\/\/tvc16.com\/portal\/wp-json\/wp\/v2\/media\/67942"}],"wp:attachment":[{"href":"https:\/\/tvc16.com\/portal\/wp-json\/wp\/v2\/media?parent=100251"}],"wp:term":[{"taxonomy":"category","embeddable":true,"href":"https:\/\/tvc16.com\/portal\/wp-json\/wp\/v2\/categories?post=100251"},{"taxonomy":"post_tag","embeddable":true,"href":"https:\/\/tvc16.com\/portal\/wp-json\/wp\/v2\/tags?post=100251"}],"curies":[{"name":"wp","href":"https:\/\/api.w.org\/{rel}","templated":true}]}}