{"id":100259,"date":"2025-03-07T05:00:00","date_gmt":"2025-03-07T08:00:00","guid":{"rendered":"https:\/\/tvc16.com\/portal\/?p=100259"},"modified":"2025-03-06T15:58:47","modified_gmt":"2025-03-06T18:58:47","slug":"ultimos-dias-para-se-inscrever-no-curso-on-line-valores-da-democracia-direitos-humanos-promovido-pela-ucam-e-o-caall","status":"publish","type":"post","link":"https:\/\/tvc16.com\/portal\/2025\/03\/07\/ultimos-dias-para-se-inscrever-no-curso-on-line-valores-da-democracia-direitos-humanos-promovido-pela-ucam-e-o-caall\/","title":{"rendered":"\u00daltimos dias para se inscrever no curso on-line \u201cValores da Democracia: Direitos Humanos\u201d, promovido pela UCAM e o CAALL"},"content":{"rendered":"\n<p><em>&nbsp;Interessados devem se inscrever at\u00e9 esta sexta-feira (07); curso ter\u00e1 in\u00edcio no dia 11 de mar\u00e7o<\/em><\/p>\n\n\n\n<p>A Universidade Candido Mendes (UCAM) e o Centro Alceu Amoroso Lima para a Liberdade (CAALL) seguem com inscri\u00e7\u00f5es abertas para o curso de extens\u00e3o universit\u00e1ria \u201cValores da Democracia: Direitos Humanos\u201d, <strong>mas restam apenas poucos dias para se inscrever<\/strong>. Os interessados devem garantir sua vaga at\u00e9 esta sexta-feira (07) pelo <a rel=\"noreferrer noopener\" target=\"_blank\" href=\"https:\/\/na01.safelinks.protection.outlook.com\/?url=https%3A%2F%2Fwww.candidomendes.edu.br%2Fcursos%2Fextensao%2Fcurso-de-extensao-valores-da-democracia-direitos-humanos%2F&amp;data=05%7C02%7C%7C9ecf5125e5a649b3a84408dd5cd9cb0c%7C84df9e7fe9f640afb435aaaaaaaaaaaa%7C1%7C0%7C638768812685055179%7CUnknown%7CTWFpbGZsb3d8eyJFbXB0eU1hcGkiOnRydWUsIlYiOiIwLjAuMDAwMCIsIlAiOiJXaW4zMiIsIkFOIjoiTWFpbCIsIldUIjoyfQ%3D%3D%7C0%7C%7C%7C&amp;sdata=MRH0T2OuBlWDw8ebLOPB32%2B1gOzF6SOjZ0qo3JrS0Zc%3D&amp;reserved=0\">site da universidade<\/a>. Totalmente on-line, o programa \u00e9 voltado para qualquer pessoa interessada em compreender e refletir sobre temas contempor\u00e2neos relacionados aos Direitos Humanos e aos Valores Democr\u00e1ticos.<\/p>\n\n\n\n<p>O curso, que chega \u00e0 sua terceira etapa por meio do programa \u201cValores da Democracia\u201d, iniciado em 2015, \u00e9 conhecido por promover reflex\u00f5es interdisciplinares que integram Direito, \u00c9tica, Sociologia, Hist\u00f3ria e Filosofia. As aulas, ministradas por especialistas renomados de diversas \u00e1reas, s\u00e3o abertas a estudantes, professores, pesquisadores e a todos os interessados, incluindo brasileiros que residem no exterior.<\/p>\n\n\n\n<p>Com <strong>in\u00edcio previsto para 11 de mar\u00e7o de 2025<\/strong>, o curso ter\u00e1 <strong>dura\u00e7\u00e3o de tr\u00eas meses<\/strong> e ser\u00e1 composto por <strong>19 encontros ao vivo<\/strong>, realizados <strong>\u00e0s ter\u00e7as e quintas-feiras<\/strong>, <strong>das 19h30 \u00e0s 21h30<\/strong>. O programa alia teoria e pr\u00e1tica, oferecendo um panorama sobre temas como dignidade humana, cidadania, pluralismo pol\u00edtico e desenvolvimento social.<\/p>\n\n\n\n<p>Desde sua cria\u00e7\u00e3o, o curso tem se destacado pelo corpo docente de excel\u00eancia, que inclui especialistas e personalidades ligadas ao Grupo de Trabalho Alceu Amoroso Lima. Entre os participantes confirmados est\u00e3o Leonardo Boff, Leandro Garcia, Margareth Dalcolmo, Rosa Freire D\u2019Aguiar, Rubens Ricupero, Alessandro Molon e Patrus Ananias.<\/p>\n\n\n\n<p>O programa tamb\u00e9m dialoga com os cursos de p\u00f3s-gradua\u00e7\u00e3o \u201cstricto sensu\u201d da UCAM \u2013 Mestrado em Direito, e Mestrado e Doutorado em Sociologia Pol\u00edtica \u2013, al\u00e9m de centros de pesquisa reconhecidos, como o Instituto Universit\u00e1rio de Pesquisas do Rio de Janeiro (IUPERJ), o Centro de Estudos Afro-Asi\u00e1ticos e a Academia da Latinidade.<\/p>\n\n\n\n<p>\u201cPessoas renomadas estar\u00e3o conosco, debatendo a necessidade de vigil\u00e2ncia constante em nossa democracia e o legado de Dr. Alceu, fundamental na luta pela democracia, ser\u00e1 sempre mantido vivo. Buscamos, assim, construir a paz t\u00e3o sonhada por todos n\u00f3s\u201d, ressalta Maria Helena Arrochellas, diretora do CAALL e uma das coordenadoras do curso.<\/p>\n\n\n\n<p>Para Leonardo Boff, os direitos humanos ganham verdadeira universalidade quando come\u00e7am pelos mais vulner\u00e1veis. \u201cO curso evidenciar\u00e1 que os direitos fundamentais come\u00e7am com o direito \u00e0 vida e aos meios para viver, como trabalho, moradia, educa\u00e7\u00e3o e seguran\u00e7a. S\u00f3 ao garantir esses direitos aos considerados \u00faltimos \u00e9 que os direitos humanos se tornam realmente universais\u201d, afirma.<\/p>\n\n\n\n<p><strong>Estrutura do curso<\/strong><\/p>\n\n\n\n<p>\u201cValores da Democracia: Direitos Humanos\u201d ser\u00e1 dividido em quatro m\u00f3dulos tem\u00e1ticos, cada um ministrado por palestrantes convidados, e abordar\u00e1 t\u00f3picos como:<\/p>\n\n\n\n<ul class=\"wp-block-list\">\n<li><strong>M\u00f3dulo I: <\/strong><em>Democracia e Direitos Humanos: Apresenta\u00e7\u00e3o e Marcos Te\u00f3ricos<\/em> (3 aulas);<\/li>\n\n\n\n<li><strong>M\u00f3dulo II: <\/strong><em>Contextualiza\u00e7\u00e3o Hist\u00f3rica dos Direitos Humanos<\/em> (3 aulas);<\/li>\n\n\n\n<li><strong>M\u00f3dulo III:<\/strong> <em>Direitos Humanos em Esp\u00e9cie e Efetividade dos Direitos Humanos<\/em> (10 aulas);<\/li>\n\n\n\n<li><strong>M\u00f3dulo IV: <\/strong><em>Direitos Humanos e Ordem Internacional<\/em> (3 aulas).<\/li>\n<\/ul>\n\n\n\n<p><strong>Inscri\u00e7\u00f5es<\/strong><\/p>\n\n\n\n<p>As inscri\u00e7\u00f5es podem ser feitas pelo site <a href=\"https:\/\/na01.safelinks.protection.outlook.com\/?url=https%3A%2F%2Fwww.candidomendes.edu.br%2Fcursos%2Fextensao%2Fcurso-de-extensao-valores-da-democracia-direitos-humanos%2F&amp;data=05%7C02%7C%7C9ecf5125e5a649b3a84408dd5cd9cb0c%7C84df9e7fe9f640afb435aaaaaaaaaaaa%7C1%7C0%7C638768812685072295%7CUnknown%7CTWFpbGZsb3d8eyJFbXB0eU1hcGkiOnRydWUsIlYiOiIwLjAuMDAwMCIsIlAiOiJXaW4zMiIsIkFOIjoiTWFpbCIsIldUIjoyfQ%3D%3D%7C0%7C%7C%7C&amp;sdata=OCZMkf7Fpb76gOrrHlpTENVsuDNmDvubn7kHWRCFNGg%3D&amp;reserved=0\" target=\"_blank\" rel=\"noreferrer noopener\">https:\/\/www.candidomendes.edu.br\/cursos\/extensao\/curso-de-extensao-valores-da-democracia-direitos-humanos<\/a><a href=\"https:\/\/na01.safelinks.protection.outlook.com\/?url=https%3A%2F%2Fwww.candidomendes.edu.br%2Fcursos%2Fextensao%2Fcurso-de-extensao-valores-da-democracia-e-direitos-humanos%2F&amp;data=05%7C02%7C%7C9ecf5125e5a649b3a84408dd5cd9cb0c%7C84df9e7fe9f640afb435aaaaaaaaaaaa%7C1%7C0%7C638768812685079464%7CUnknown%7CTWFpbGZsb3d8eyJFbXB0eU1hcGkiOnRydWUsIlYiOiIwLjAuMDAwMCIsIlAiOiJXaW4zMiIsIkFOIjoiTWFpbCIsIldUIjoyfQ%3D%3D%7C0%7C%7C%7C&amp;sdata=93H4%2FozNvo7NqkhkLQzR9N3fBpOpRAyzsbfjhpDxGTI%3D&amp;reserved=0\" target=\"_blank\" rel=\"noreferrer noopener\">\/<\/a>, onde tamb\u00e9m est\u00e1 dispon\u00edvel o conte\u00fado program\u00e1tico completo. Para mais informa\u00e7\u00f5es, entre em contato pelo e-mail <a href=\"mailto:extensao@candidomendes.edu.br\"><em>extensao@candidomendes.edu.br<\/em><\/a> ou <a href=\"mailto:centroamorosolima@yahoo.com.br\">centroamorosolima@yahoo.com.br<\/a>\u00a0.<\/p>\n\n\n\n<p>Foto: divulga\u00e7\u00e3o <\/p>\n","protected":false},"excerpt":{"rendered":"<p>&nbsp;Interessados devem se inscrever at\u00e9 esta sexta-feira (07); curso ter\u00e1 in\u00edcio no dia 11 de<\/p>\n","protected":false},"author":2,"featured_media":100260,"comment_status":"open","ping_status":"open","sticky":false,"template":"","format":"standard","meta":{"footnotes":""},"categories":[12],"tags":[],"class_list":["post-100259","post","type-post","status-publish","format-standard","has-post-thumbnail","hentry","category-cidade"],"_links":{"self":[{"href":"https:\/\/tvc16.com\/portal\/wp-json\/wp\/v2\/posts\/100259","targetHints":{"allow":["GET"]}}],"collection":[{"href":"https:\/\/tvc16.com\/portal\/wp-json\/wp\/v2\/posts"}],"about":[{"href":"https:\/\/tvc16.com\/portal\/wp-json\/wp\/v2\/types\/post"}],"author":[{"embeddable":true,"href":"https:\/\/tvc16.com\/portal\/wp-json\/wp\/v2\/users\/2"}],"replies":[{"embeddable":true,"href":"https:\/\/tvc16.com\/portal\/wp-json\/wp\/v2\/comments?post=100259"}],"version-history":[{"count":1,"href":"https:\/\/tvc16.com\/portal\/wp-json\/wp\/v2\/posts\/100259\/revisions"}],"predecessor-version":[{"id":100261,"href":"https:\/\/tvc16.com\/portal\/wp-json\/wp\/v2\/posts\/100259\/revisions\/100261"}],"wp:featuredmedia":[{"embeddable":true,"href":"https:\/\/tvc16.com\/portal\/wp-json\/wp\/v2\/media\/100260"}],"wp:attachment":[{"href":"https:\/\/tvc16.com\/portal\/wp-json\/wp\/v2\/media?parent=100259"}],"wp:term":[{"taxonomy":"category","embeddable":true,"href":"https:\/\/tvc16.com\/portal\/wp-json\/wp\/v2\/categories?post=100259"},{"taxonomy":"post_tag","embeddable":true,"href":"https:\/\/tvc16.com\/portal\/wp-json\/wp\/v2\/tags?post=100259"}],"curies":[{"name":"wp","href":"https:\/\/api.w.org\/{rel}","templated":true}]}}