{"id":100268,"date":"2025-03-07T08:20:34","date_gmt":"2025-03-07T11:20:34","guid":{"rendered":"https:\/\/tvc16.com\/portal\/?p=100268"},"modified":"2025-03-07T08:20:36","modified_gmt":"2025-03-07T11:20:36","slug":"prefeitura-de-petropolis-cria-comissao-de-seguranca-viaria-e-mobilidade-urbana","status":"publish","type":"post","link":"https:\/\/tvc16.com\/portal\/2025\/03\/07\/prefeitura-de-petropolis-cria-comissao-de-seguranca-viaria-e-mobilidade-urbana\/","title":{"rendered":"Prefeitura de Petr\u00f3polis cria comiss\u00e3o de Seguran\u00e7a Vi\u00e1ria e Mobilidade Urbana"},"content":{"rendered":"\n<p><em>O objetivo da comiss\u00e3o \u00e9 melhorar a seguran\u00e7a no tr\u00e2nsito, formulando propostas para assegurar a conviv\u00eancia dos diversos usu\u00e1rios de vias p\u00fablicas<\/em><\/p>\n\n\n\n<p>A prefeitura de Petr\u00f3polis, por meio da Companhia Petropolitana de Tr\u00e2nsito e Transportes &#8211; CPTrans instituiu a Comiss\u00e3o de Seguran\u00e7a Vi\u00e1ria e Mobilidade Urbana &#8211; CSVMob. A comiss\u00e3o serve para melhorar a seguran\u00e7a no tr\u00e2nsito nas vias da cidade, formulando propostas e promovendo a\u00e7\u00f5es para assegurar a circula\u00e7\u00e3o dos diversos tipos de usu\u00e1rios nas vias p\u00fablicas.<\/p>\n\n\n\n<p>\u201cEsse planejamento de mobilidade urbana segue as diretrizes do Plano Nacional de Redu\u00e7\u00e3o de Mortes e Les\u00f5es no Tr\u00e2nsito (2021 a 2030), institu\u00eddo em 2018 pela lei federal e que foi regulamentado pelo CONTRAN. Seguindo ainda o nosso plano de mobilidade aqui de Petr\u00f3polis, o que a gente pretende \u00e9 criar solu\u00e7\u00f5es para uma cidade que v\u00ea sua frota de ve\u00edculos crescer a cada ano. Principalmente, no sentido de reduzir as mortes no tr\u00e2nsito\u201d, destacou o prefeito Hingo Hammes.<\/p>\n\n\n\n<p>Uma das metas \u00e9 uma redu\u00e7\u00e3o m\u00ednima de 50% das mortes de pedestres, ciclistas e motociclistas, at\u00e9 2030. A base de refer\u00eancia \u00e9 a m\u00e9dia de mortes desses perfis nos \u00faltimos cinco anos. Al\u00e9m disso, \u00e9 aumentar, em pelo menos 20%, a participa\u00e7\u00e3o dos modais ativos no tr\u00e2nsito, ou seja, bicicletas e pedestres.<\/p>\n\n\n\n<p>\u201cA gente j\u00e1 vem estudando esse cen\u00e1rio h\u00e1 alguns anos. Em 2021 chegamos a fazer esse levantamento de propostas que estimulem as pessoas a deixarem outros modais de lado e buscarem fazer deslocamentos curtos \u00e0 p\u00e9. Quem mora em \u00e1reas mais pr\u00f3ximos ao local de trabalho conseguir fazer esse deslocamento de forma segura. Um dos projetos prev\u00ea a cria\u00e7\u00e3o de ciclovias\u201d, revela o presidente da CPTrans, Luciano Moreira.<\/p>\n\n\n\n<p>A fiscaliza\u00e7\u00e3o do estacionamento irregular e a intensifica\u00e7\u00e3o de a\u00e7\u00f5es de educa\u00e7\u00e3o no tr\u00e2nsito tamb\u00e9m est\u00e3o previstas entre as a\u00e7\u00f5es para minimizar a viol\u00eancia no tr\u00e2nsito nos pr\u00f3ximos cinco anos. Para compor a comiss\u00e3o, representantes do poder executivo e entidades da sociedade civil, que ser\u00e3o nomeados pelo presidente da CPTrans. Ser\u00e3o tr\u00eas membros da CPTrans (entre eles o presidente da comiss\u00e3o), dois da prefeitura, um da assessoria de comunica\u00e7\u00e3o da prefeitura, um da secretaria municipal de Educa\u00e7\u00e3o, um da secretaria de Sa\u00fade, um da secretaria de Planejamento e Or\u00e7amento, um da secretaria de Obras, um da Procuradoria-Geral, um da Guarda Civil Municipal, um do 26\u00ba Batalh\u00e3o da Pol\u00edcia Militar, um do 15\u00ba Grupamento do Corpo de Bombeiros, um do Samu, um do hospital de refer\u00eancia de atendimento d\u00ea v\u00edtimas de acidentes de tr\u00e2nsito, um do Detran, um do DNIT, dois da Pol\u00edcia Civil, um membro do COMUTRAN. O mandato dos membros ter\u00e1 dura\u00e7\u00e3o de dois anos.<\/p>\n\n\n\n<p>As reuni\u00f5es ser\u00e3o mensais. \u201cO objetivo \u00e9 que esses encontros resultem em levantamento de dados e posteriormente em audi\u00eancias p\u00fablicas para apresentar \u00e0 sociedade como um todo as propostas discutidas pela comiss\u00e3o para melhor o tr\u00e2nsito\u201d, esclareceu o presidente da CPTrans.<\/p>\n","protected":false},"excerpt":{"rendered":"<p>O objetivo da comiss\u00e3o \u00e9 melhorar a seguran\u00e7a no tr\u00e2nsito, formulando propostas para assegurar a<\/p>\n","protected":false},"author":2,"featured_media":97809,"comment_status":"open","ping_status":"open","sticky":false,"template":"","format":"standard","meta":{"footnotes":""},"categories":[12],"tags":[],"class_list":["post-100268","post","type-post","status-publish","format-standard","has-post-thumbnail","hentry","category-cidade"],"_links":{"self":[{"href":"https:\/\/tvc16.com\/portal\/wp-json\/wp\/v2\/posts\/100268","targetHints":{"allow":["GET"]}}],"collection":[{"href":"https:\/\/tvc16.com\/portal\/wp-json\/wp\/v2\/posts"}],"about":[{"href":"https:\/\/tvc16.com\/portal\/wp-json\/wp\/v2\/types\/post"}],"author":[{"embeddable":true,"href":"https:\/\/tvc16.com\/portal\/wp-json\/wp\/v2\/users\/2"}],"replies":[{"embeddable":true,"href":"https:\/\/tvc16.com\/portal\/wp-json\/wp\/v2\/comments?post=100268"}],"version-history":[{"count":1,"href":"https:\/\/tvc16.com\/portal\/wp-json\/wp\/v2\/posts\/100268\/revisions"}],"predecessor-version":[{"id":100269,"href":"https:\/\/tvc16.com\/portal\/wp-json\/wp\/v2\/posts\/100268\/revisions\/100269"}],"wp:featuredmedia":[{"embeddable":true,"href":"https:\/\/tvc16.com\/portal\/wp-json\/wp\/v2\/media\/97809"}],"wp:attachment":[{"href":"https:\/\/tvc16.com\/portal\/wp-json\/wp\/v2\/media?parent=100268"}],"wp:term":[{"taxonomy":"category","embeddable":true,"href":"https:\/\/tvc16.com\/portal\/wp-json\/wp\/v2\/categories?post=100268"},{"taxonomy":"post_tag","embeddable":true,"href":"https:\/\/tvc16.com\/portal\/wp-json\/wp\/v2\/tags?post=100268"}],"curies":[{"name":"wp","href":"https:\/\/api.w.org\/{rel}","templated":true}]}}