{"id":10027,"date":"2021-01-30T13:47:25","date_gmt":"2021-01-30T16:47:25","guid":{"rendered":"https:\/\/tvc16.com\/portal\/?p=10027"},"modified":"2021-01-30T13:47:28","modified_gmt":"2021-01-30T16:47:28","slug":"em-reuniao-realizada-na-nesta-sexta-feira-29-entre-o-prefeito-em-exercicio-hingo-hammes-e-os-vereadores-da-atual-legislatura-foram-definidos-o-lider-e-o-vice-lider-do-governo-na-camara-municipal","status":"publish","type":"post","link":"https:\/\/tvc16.com\/portal\/2021\/01\/30\/em-reuniao-realizada-na-nesta-sexta-feira-29-entre-o-prefeito-em-exercicio-hingo-hammes-e-os-vereadores-da-atual-legislatura-foram-definidos-o-lider-e-o-vice-lider-do-governo-na-camara-municipal\/","title":{"rendered":"Em reuni\u00e3o realizada na nesta sexta-feira (29), entre o prefeito em exerc\u00edcio Hingo Hammes e os vereadores da atual legislatura, foram definidos o l\u00edder e o vice-l\u00edder do Governo na C\u00e2mara Municipal."},"content":{"rendered":"\n<p>Na ocasi\u00e3o, foi anunciado o vereador Junior Coruja (PSD) como l\u00edder e o vereador Domingos Protetor (PSC) como vice-l\u00edder.<\/p>\n\n\n\n<p>Entre as atribui\u00e7\u00f5es deles nessa fun\u00e7\u00e3o, est\u00e1 a de buscar informa\u00e7\u00f5es e prestar esclarecimentos para os colegas, sendo o elo de liga\u00e7\u00e3o entre Executivo e Legislativo. O chefe do executivo dever\u00e1 encaminhar em breve um of\u00edcio designando os nomes, para que seja protocolado na C\u00e2mara.<\/p>\n\n\n\n<p>A presen\u00e7a do l\u00edder e do vice-l\u00edder do Governo \u00e9 de fundamental import\u00e2ncia para manter um relacionamento pr\u00f3ximo e franco entre os dois poderes municipais, alinhando novos caminhos para a cidade de Petr\u00f3polis.<\/p>\n","protected":false},"excerpt":{"rendered":"<p>Na ocasi\u00e3o, foi anunciado o vereador Junior Coruja (PSD) como l\u00edder e o vereador Domingos<\/p>\n","protected":false},"author":2,"featured_media":0,"comment_status":"open","ping_status":"open","sticky":false,"template":"","format":"standard","meta":{"footnotes":""},"categories":[12],"tags":[],"class_list":["post-10027","post","type-post","status-publish","format-standard","hentry","category-cidade"],"_links":{"self":[{"href":"https:\/\/tvc16.com\/portal\/wp-json\/wp\/v2\/posts\/10027","targetHints":{"allow":["GET"]}}],"collection":[{"href":"https:\/\/tvc16.com\/portal\/wp-json\/wp\/v2\/posts"}],"about":[{"href":"https:\/\/tvc16.com\/portal\/wp-json\/wp\/v2\/types\/post"}],"author":[{"embeddable":true,"href":"https:\/\/tvc16.com\/portal\/wp-json\/wp\/v2\/users\/2"}],"replies":[{"embeddable":true,"href":"https:\/\/tvc16.com\/portal\/wp-json\/wp\/v2\/comments?post=10027"}],"version-history":[{"count":1,"href":"https:\/\/tvc16.com\/portal\/wp-json\/wp\/v2\/posts\/10027\/revisions"}],"predecessor-version":[{"id":10029,"href":"https:\/\/tvc16.com\/portal\/wp-json\/wp\/v2\/posts\/10027\/revisions\/10029"}],"wp:attachment":[{"href":"https:\/\/tvc16.com\/portal\/wp-json\/wp\/v2\/media?parent=10027"}],"wp:term":[{"taxonomy":"category","embeddable":true,"href":"https:\/\/tvc16.com\/portal\/wp-json\/wp\/v2\/categories?post=10027"},{"taxonomy":"post_tag","embeddable":true,"href":"https:\/\/tvc16.com\/portal\/wp-json\/wp\/v2\/tags?post=10027"}],"curies":[{"name":"wp","href":"https:\/\/api.w.org\/{rel}","templated":true}]}}