{"id":100270,"date":"2025-03-07T08:23:22","date_gmt":"2025-03-07T11:23:22","guid":{"rendered":"https:\/\/tvc16.com\/portal\/?p=100270"},"modified":"2025-03-07T08:23:24","modified_gmt":"2025-03-07T11:23:24","slug":"prefeito-hingo-hammes-faz-reuniao-de-avaliacao-com-organizacao-da-folia-imperial-2025","status":"publish","type":"post","link":"https:\/\/tvc16.com\/portal\/2025\/03\/07\/prefeito-hingo-hammes-faz-reuniao-de-avaliacao-com-organizacao-da-folia-imperial-2025\/","title":{"rendered":"Prefeito Hingo Hammes faz reuni\u00e3o de avalia\u00e7\u00e3o com organiza\u00e7\u00e3o da Folia Imperial 2025"},"content":{"rendered":"\n<p>Durante oito dias, Petr\u00f3polis foi palco da Folia Imperial 2025, com mais de 60 eventos espalhados por 14 bairros. A programa\u00e7\u00e3o valorizou a cultura local, garantiu seguran\u00e7a para os foli\u00f5es e proporcionou op\u00e7\u00f5es de lazer tanto para as fam\u00edlias petropolitanas quanto para os turistas que escolheram o munic\u00edpio para curtir o Carnaval. Para avaliar os resultados e tra\u00e7ar diretrizes para a pr\u00f3ximos eventos, o prefeito Hingo Hammes esteve reunido com representantes das for\u00e7as de seguran\u00e7a, do Instituto Municipal de Cultura (IMC) e da Companhia Municipal de Desenvolvimento de Petr\u00f3polis (Comdep), na tarde desta quinta-feira (06).<\/p>\n\n\n\n<p>O encontro teve como foco a an\u00e1lise das a\u00e7\u00f5es realizadas por cada institui\u00e7\u00e3o envolvida na organiza\u00e7\u00e3o e na seguran\u00e7a do evento. Al\u00e9m de reconhecer os acertos, as autoridades discutiram melhorias para os pr\u00f3ximos eventos da cidade, incluindo refor\u00e7o na fiscaliza\u00e7\u00e3o, ajustes na log\u00edstica e aperfei\u00e7oamento da mobilidade urbana durante os dias de festa.<\/p>\n\n\n\n<p>\u201cA ideia desde o princ\u00edpio foi promover um Carnaval equilibrado, priorizando as fam\u00edlias, com seguran\u00e7a e conforto tanto para o morador de Petr\u00f3polis quanto para o turista que veio passar a data na cidade. Quer\u00edamos ver a cidade mais feliz, mantendo esse equil\u00edbrio, com matin\u00eas dedicadas \u00e0s crian\u00e7as no Pal\u00e1cio de Cristal e no Parque Cremerie, al\u00e9m dos eventos que aconteceram nos 14 locais\u201d, afirmou o prefeito.<\/p>\n\n\n\n<p>Ele tamb\u00e9m fez quest\u00e3o de agradecer a cada profissional envolvido na linha de frente da opera\u00e7\u00e3o. \u201cO sucesso da festa s\u00f3 foi poss\u00edvel gra\u00e7as ao empenho das equipes que garantiram a seguran\u00e7a, limpeza e o bom funcionamento dos servi\u00e7os p\u00fablicos\u201d, completou.<\/p>\n\n\n\n<p>O secret\u00e1rio de Servi\u00e7os, Seguran\u00e7a e Ordem P\u00fablica (SSOP), Marcelo Chit\u00e3o, destacou o empenho das equipes envolvidas e a import\u00e2ncia da estrutura montada para garantir a tranquilidade dos foli\u00f5es.<\/p>\n\n\n\n<p>\u201cTrabalhamos com planejamento e integra\u00e7\u00e3o entre todas as for\u00e7as de seguran\u00e7a para oferecer um Carnaval seguro para moradores e visitantes. Nossa equipe esteve presente em todos os pontos estrat\u00e9gicos, acompanhando de perto o fluxo de pessoas e coibindo qualquer tipo de desordem. A presen\u00e7a ostensiva da Guarda Civil e da Pol\u00edcia Militar, junto \u00e0 fiscaliza\u00e7\u00e3o da SSOP, contribuiu para um evento organizado, sem grandes incidentes, o que refor\u00e7a a import\u00e2ncia desse trabalho conjunto\u201d, afirmou o secret\u00e1rio.<\/p>\n\n\n\n<p>O presidente do IMC, Adenilson Honorato, destacou o trabalho realizado para garantir a estrutura necess\u00e1ria, apesar do curto prazo.<\/p>\n\n\n\n<p>\u201cTivemos pouco tempo para organizar a festa, mas tudo saiu conforme o programado. Foi um grande desafio que envolveu diversas institui\u00e7\u00f5es, mas conseguimos garantir uma estrutura segura e organizada\u201d, afirmou. \u201cPara o pr\u00f3ximo Carnaval, vamos iniciar os preparativos com muito mais brevidade para garantir ainda mais estrutura e planejamento\u201d, pontuou Honorato.<\/p>\n\n\n\n<p>A limpeza da cidade tamb\u00e9m foi um dos destaques do balan\u00e7o. A presidente da Comdep, Fernanda Ferreira, elogiou o trabalho dos servidores que atuaram na manuten\u00e7\u00e3o dos espa\u00e7os p\u00fablicos.<\/p>\n\n\n\n<p>\u201cNossos profissionais realizaram um servi\u00e7o de excel\u00eancia, garantindo que a cidade n\u00e3o ficasse suja em nenhum momento. Foram toneladas de res\u00edduos recolhidas diariamente, permitindo que as ruas permanecessem limpas mesmo com a grande circula\u00e7\u00e3o de pessoas\u201d, acrescentou. \u201cAgora, seguimos com os trabalhos de recupera\u00e7\u00e3o do gramado da Pra\u00e7a da \u00c1guia, que j\u00e1 est\u00e1 em andamento\u201d, finalizou a presidente da Comdep.<\/p>\n\n\n\n<p>A seguran\u00e7a foi um dos pilares da organiza\u00e7\u00e3o do evento. O major Carlos Henrique, da Pol\u00edcia Militar, refor\u00e7ou a import\u00e2ncia da colabora\u00e7\u00e3o entre os \u00f3rg\u00e3os municipais e estaduais.<\/p>\n\n\n\n<p>\u201cExiste uma integra\u00e7\u00e3o muito boa com as for\u00e7as de seguran\u00e7a da Prefeitura, o que facilita nosso trabalho e torna as a\u00e7\u00f5es mais eficientes. O Carnaval transcorreu sem grandes ocorr\u00eancias, e isso \u00e9 resultado de um planejamento bem estruturado e de uma atua\u00e7\u00e3o conjunta\u201d, completou o major.<\/p>\n\n\n\n<p>Al\u00e9m da seguran\u00e7a e limpeza, a mobilidade urbana e a atua\u00e7\u00e3o da Guarda Civil tamb\u00e9m foram abordadas. A CPTrans destacou o fluxo intenso de ve\u00edculos nos dias de folia e pontuou a necessidade de ajustes para garantir ainda mais fluidez no tr\u00e1fego no pr\u00f3ximo ano. A Guarda Civil trabalhou de forma integrada com a Pol\u00edcia Militar e a Fiscaliza\u00e7\u00e3o de Posturas, coibindo irregularidades e garantindo a ordem nos espa\u00e7os p\u00fablicos.<\/p>\n\n\n\n<p>O encontro tamb\u00e9m permitiu a identifica\u00e7\u00e3o de pontos a serem aprimorados, especialmente no controle de hor\u00e1rios das festividades e na atua\u00e7\u00e3o de ambulantes irregulares. O planejamento para o pr\u00f3ximo Carnaval ser\u00e1 iniciado com anteced\u00eancia, visando refor\u00e7ar a organiza\u00e7\u00e3o e aprimorar a experi\u00eancia dos foli\u00f5es. A Prefeitura j\u00e1 adiantou que a programa\u00e7\u00e3o continuar\u00e1 priorizando um Carnaval acess\u00edvel, seguro e com diversidade de atra\u00e7\u00f5es para todos os p\u00fablicos.<\/p>\n","protected":false},"excerpt":{"rendered":"<p>Durante oito dias, Petr\u00f3polis foi palco da Folia Imperial 2025, com mais de 60 eventos<\/p>\n","protected":false},"author":2,"featured_media":100271,"comment_status":"open","ping_status":"open","sticky":false,"template":"","format":"standard","meta":{"footnotes":""},"categories":[12],"tags":[],"class_list":["post-100270","post","type-post","status-publish","format-standard","has-post-thumbnail","hentry","category-cidade"],"_links":{"self":[{"href":"https:\/\/tvc16.com\/portal\/wp-json\/wp\/v2\/posts\/100270","targetHints":{"allow":["GET"]}}],"collection":[{"href":"https:\/\/tvc16.com\/portal\/wp-json\/wp\/v2\/posts"}],"about":[{"href":"https:\/\/tvc16.com\/portal\/wp-json\/wp\/v2\/types\/post"}],"author":[{"embeddable":true,"href":"https:\/\/tvc16.com\/portal\/wp-json\/wp\/v2\/users\/2"}],"replies":[{"embeddable":true,"href":"https:\/\/tvc16.com\/portal\/wp-json\/wp\/v2\/comments?post=100270"}],"version-history":[{"count":1,"href":"https:\/\/tvc16.com\/portal\/wp-json\/wp\/v2\/posts\/100270\/revisions"}],"predecessor-version":[{"id":100272,"href":"https:\/\/tvc16.com\/portal\/wp-json\/wp\/v2\/posts\/100270\/revisions\/100272"}],"wp:featuredmedia":[{"embeddable":true,"href":"https:\/\/tvc16.com\/portal\/wp-json\/wp\/v2\/media\/100271"}],"wp:attachment":[{"href":"https:\/\/tvc16.com\/portal\/wp-json\/wp\/v2\/media?parent=100270"}],"wp:term":[{"taxonomy":"category","embeddable":true,"href":"https:\/\/tvc16.com\/portal\/wp-json\/wp\/v2\/categories?post=100270"},{"taxonomy":"post_tag","embeddable":true,"href":"https:\/\/tvc16.com\/portal\/wp-json\/wp\/v2\/tags?post=100270"}],"curies":[{"name":"wp","href":"https:\/\/api.w.org\/{rel}","templated":true}]}}