{"id":100281,"date":"2025-03-07T09:18:21","date_gmt":"2025-03-07T12:18:21","guid":{"rendered":"https:\/\/tvc16.com\/portal\/?p=100281"},"modified":"2025-03-07T09:18:24","modified_gmt":"2025-03-07T12:18:24","slug":"pagamento-especial-do-saque-aniversario-do-fgts-continua-hoje","status":"publish","type":"post","link":"https:\/\/tvc16.com\/portal\/2025\/03\/07\/pagamento-especial-do-saque-aniversario-do-fgts-continua-hoje\/","title":{"rendered":"Pagamento especial do saque-anivers\u00e1rio do FGTS continua hoje"},"content":{"rendered":"\n<p><em>Recebem nascidos de maio a agosto e quem cadastrou conta no aplicativo<\/em><\/p>\n\n\n\n<p>Por Wellton M\u00e1ximo \u2013 Rep\u00f3rter da Ag\u00eancia Brasil \/ Foto: Jo\u00e9dson Alves\/Ag\u00eancia Brasil<\/p>\n\n\n\n<p><\/p>\n\n\n\n<p>Os trabalhadores que aderiram ao saque-anivers\u00e1rio do Fundo de Garantia do Tempo de Servi\u00e7o (FGTS) e foram demitidos sem justa causa de janeiro de 2020 at\u00e9 o fim de fevereiro deste ano,&nbsp;<strong>continuam a receber, nesta sexta-feira (7), o saldo integral dos dep\u00f3sitos dos antigos empregadores<\/strong>. O dinheiro estava bloqueado para quem optou por essa modalidade de saque, mas foi liberado por uma&nbsp;<a href=\"https:\/\/www.in.gov.br\/web\/dou\/-\/medida-provisoria-n-1.290-de-28-de-fevereiro-de-2025-615734004\" target=\"_blank\" rel=\"noreferrer noopener\">medida provis\u00f3ria (MP)<\/a>.<img decoding=\"async\" src=\"https:\/\/agenciabrasil.ebc.com.br\/ebc.png?id=1633509&amp;o=node\"><img decoding=\"async\" src=\"https:\/\/agenciabrasil.ebc.com.br\/ebc.gif?id=1633509&amp;o=node\"><\/p>\n\n\n\n<p><strong>Recebem nesta sexta-feira os trabalhadores nascidos em maio, junho, julho e agosto.<\/strong>&nbsp;Nesta etapa ser\u00e3o feitos pagamentos de at\u00e9 R$ 3 mil. Quem tem saldo retido maior que esse valor receber\u00e1 a diferen\u00e7a em junho.<\/p>\n\n\n\n<p>A MP que permitiu o saque antecipado foi publicada na sexta-feira (28) no&nbsp;<em>Di\u00e1rio Oficial da Uni\u00e3o<\/em>.&nbsp;<strong>O governo esclareceu que a MP \u00e9 excepcional e retroativa, n\u00e3o beneficiando os futuros demitidos.<\/strong><\/p>\n\n\n\n<p>Ao todo, ser\u00e3o beneficiados 12,1 milh\u00f5es de trabalhadores, que&nbsp;<strong>receber\u00e3o R$ 12 bilh\u00f5es<\/strong>.&nbsp;<\/p>\n\n\n\n<p>Os trabalhadores dispensados sem justa causa a partir de mar\u00e7o e que optaram pelo saque-anivers\u00e1rio continuar\u00e3o a ter o saldo retido, recebendo apenas a multa rescis\u00f3ria de 40%.&nbsp;<strong>As demais regras do saque-anivers\u00e1rio n\u00e3o foram alteradas.<\/strong><\/p>\n\n\n\n<p><a href=\"https:\/\/agenciabrasil.ebc.com.br\/economia\/noticia\/2025-03\/entenda-nova-rodada-de-saques-do-fgts-quem-tem-saque-aniversario\" target=\"_blank\" rel=\"noreferrer noopener\">Entenda a nova rodada de saques do FGTS para quem tem saque-anivers\u00e1rio<\/a><\/p>\n\n\n\n<p>Dos 12,1 milh\u00f5es de trabalhadores beneficiados,&nbsp;<strong>apenas 2,5 milh\u00f5es v\u00e3o ter direito ao saldo integral dos dep\u00f3sitos feitos pelos antigos empregadores no FGTS<\/strong>. Os 9,6 milh\u00f5es restantes ter\u00e3o descontada a antecipa\u00e7\u00e3o do saque-anivers\u00e1rio, tipo de empr\u00e9stimo oferecido por institui\u00e7\u00f5es financeiras.<\/p>\n\n\n\n<p><strong>O dinheiro ser\u00e1 pago pela Caixa Econ\u00f4mica Federal em duas etapas<\/strong>: uma em mar\u00e7o e outra em junho. Quem cadastrou a conta banc\u00e1ria no aplicativo FGTS, cerca de 85% do p\u00fablico-alvo, receber\u00e1 independentemente do m\u00eas de nascimento.<\/p>\n\n\n\n<h2 class=\"wp-block-heading\">Calend\u00e1rio<\/h2>\n\n\n\n<p><strong>Valores at\u00e9 R$ 3 mil<\/strong><\/p>\n\n\n\n<ul class=\"wp-block-list\">\n<li>\u00a0\u00a0 \u00a0 6 de mar\u00e7o: nascidos em janeiro, fevereiro, mar\u00e7o e abril e quem vinculou a conta banc\u00e1ria ao aplicativo FGTS;<\/li>\n\n\n\n<li>\u00a0\u00a0 \u00a0 7 de mar\u00e7o: nascidos em maio, junho, julho e agosto;<\/li>\n\n\n\n<li>\u00a0\u00a0 \u00a0 10 de mar\u00e7o: nascidos em setembro, outubro, novembro e dezembro.<\/li>\n<\/ul>\n\n\n\n<p><strong>Valores acima de R$ 3 mil<\/strong><\/p>\n\n\n\n<p>\u00a0\u00a0\u00a0\u00a0 20 de junho: nascidos em setembro, outubro, novembro e dezembro.<br><\/p>\n\n\n\n<p>\u00a0\u00a0 \u00a0 Diferen\u00e7a entre os R$ 3 mil sacados em mar\u00e7o e o restante do saldo bloqueado;<\/p>\n\n\n\n<p>\u00a0\u00a0 \u00a0 17 de junho: nascidos janeiro, fevereiro, mar\u00e7o e abril e nascidos em janeiro, fevereiro, mar\u00e7o e abril e quem vinculou a conta banc\u00e1ria ao aplicativo FGTS;<\/p>\n\n\n\n<p>\u00a0\u00a0 \u00a0 18 de junho: nascidos em maio, junho, julho e agosto;<\/p>\n","protected":false},"excerpt":{"rendered":"<p>Recebem nascidos de maio a agosto e quem cadastrou conta no aplicativo Por Wellton M\u00e1ximo<\/p>\n","protected":false},"author":2,"featured_media":100282,"comment_status":"open","ping_status":"open","sticky":false,"template":"","format":"standard","meta":{"footnotes":""},"categories":[17],"tags":[],"class_list":["post-100281","post","type-post","status-publish","format-standard","has-post-thumbnail","hentry","category-outras-noticias"],"_links":{"self":[{"href":"https:\/\/tvc16.com\/portal\/wp-json\/wp\/v2\/posts\/100281","targetHints":{"allow":["GET"]}}],"collection":[{"href":"https:\/\/tvc16.com\/portal\/wp-json\/wp\/v2\/posts"}],"about":[{"href":"https:\/\/tvc16.com\/portal\/wp-json\/wp\/v2\/types\/post"}],"author":[{"embeddable":true,"href":"https:\/\/tvc16.com\/portal\/wp-json\/wp\/v2\/users\/2"}],"replies":[{"embeddable":true,"href":"https:\/\/tvc16.com\/portal\/wp-json\/wp\/v2\/comments?post=100281"}],"version-history":[{"count":1,"href":"https:\/\/tvc16.com\/portal\/wp-json\/wp\/v2\/posts\/100281\/revisions"}],"predecessor-version":[{"id":100283,"href":"https:\/\/tvc16.com\/portal\/wp-json\/wp\/v2\/posts\/100281\/revisions\/100283"}],"wp:featuredmedia":[{"embeddable":true,"href":"https:\/\/tvc16.com\/portal\/wp-json\/wp\/v2\/media\/100282"}],"wp:attachment":[{"href":"https:\/\/tvc16.com\/portal\/wp-json\/wp\/v2\/media?parent=100281"}],"wp:term":[{"taxonomy":"category","embeddable":true,"href":"https:\/\/tvc16.com\/portal\/wp-json\/wp\/v2\/categories?post=100281"},{"taxonomy":"post_tag","embeddable":true,"href":"https:\/\/tvc16.com\/portal\/wp-json\/wp\/v2\/tags?post=100281"}],"curies":[{"name":"wp","href":"https:\/\/api.w.org\/{rel}","templated":true}]}}