{"id":100293,"date":"2025-03-07T09:34:04","date_gmt":"2025-03-07T12:34:04","guid":{"rendered":"https:\/\/tvc16.com\/portal\/?p=100293"},"modified":"2025-03-07T09:34:05","modified_gmt":"2025-03-07T12:34:05","slug":"fazenda-desiste-de-criar-teto-de-isencao-de-ir-para-doenca-grave","status":"publish","type":"post","link":"https:\/\/tvc16.com\/portal\/2025\/03\/07\/fazenda-desiste-de-criar-teto-de-isencao-de-ir-para-doenca-grave\/","title":{"rendered":"Fazenda desiste de criar teto de isen\u00e7\u00e3o de IR para doen\u00e7a grave"},"content":{"rendered":"\n<p><em>Medida chegou a ser estudada, mas foi retirada por ordem de Lula<\/em><\/p>\n\n\n\n<p>Por Wellton M\u00e1ximo \u2013 Rep\u00f3rter da Ag\u00eancia Brasil \/ Foto: Jo\u00e9dson Alves\/Ag\u00eancia Brasil<\/p>\n\n\n\n<p><\/p>\n\n\n\n<p>Por determina\u00e7\u00e3o do presidente Luiz In\u00e1cio Lula da Silva, o Minist\u00e9rio da Fazenda&nbsp;<strong>desistiu de criar um teto para a isen\u00e7\u00e3o de Imposto de Renda Pessoa F\u00edsica (IRPF) para pessoas com doen\u00e7as graves<\/strong>.<img decoding=\"async\" src=\"https:\/\/agenciabrasil.ebc.com.br\/ebc.png?id=1633544&amp;o=node\"><img decoding=\"async\" src=\"https:\/\/agenciabrasil.ebc.com.br\/ebc.gif?id=1633544&amp;o=node\"><\/p>\n\n\n\n<p>Em nota, a assessoria da pasta admitiu que a<strong>&nbsp;proposta chegou a ser estudada, mas foi retirada das discuss\u00f5es<\/strong>.<\/p>\n\n\n\n<blockquote class=\"wp-block-quote is-layout-flow wp-block-quote-is-layout-flow\">\n<p>\u201cA Fazenda n\u00e3o enviou e n\u00e3o vai enviar proposta sobre teto de isen\u00e7\u00e3o para mol\u00e9stia grave. A medida chegou a ser estudada, mas acabou sendo retirada das discuss\u00f5es a pedido do presidente Lula. Devido a esse e outros ajustes o projeto de lei ainda n\u00e3o foi encaminhado para a C\u00e2mara\u201d, informou o comunicado.<\/p>\n<\/blockquote>\n\n\n\n<p>A institui\u00e7\u00e3o de um teto para doen\u00e7as graves seria<strong>&nbsp;uma das medidas que ajudariam a compensar a eleva\u00e7\u00e3o da isen\u00e7\u00e3o de Imposto de Renda para quem ganha at\u00e9 R$ 5 mil<\/strong>.<\/p>\n\n\n\n<p>Em novembro, ao anunciar o pacote de corte de gastos junto com a proposta de aumentar a faixa de isen\u00e7\u00e3o, o Minist\u00e9rio da Fazenda havia anunciado que pretendia&nbsp;<a href=\"https:\/\/agenciabrasil.ebc.com.br\/economia\/noticia\/2024-11\/isencao-por-problemas-de-saude-sera-restrita-renda-de-ate-r-20-mil\" target=\"_blank\" rel=\"noreferrer noopener\">restringir a isen\u00e7\u00e3o de IRPF nos casos de doen\u00e7a grave apenas a quem ganha at\u00e9 R$ 20 mil por m\u00eas<\/a>.<\/p>\n\n\n\n<p>Conforme anunciado na \u00e9poca, a&nbsp;<strong>dedu\u00e7\u00e3o de 100% dos gastos com sa\u00fade na declara\u00e7\u00e3o do Imposto de Renda n\u00e3o mudaria<\/strong>.<\/p>\n\n\n\n<p>A proposta, no entanto,&nbsp;<strong>enfrentou resist\u00eancia da Associa\u00e7\u00e3o Nacional dos Auditores Fiscais da Receita Federal (Unafisco).<\/strong>&nbsp;A entidade amea\u00e7ou entrar no Supremo Tribunal Federal (STF), caso a medida virasse lei.<\/p>\n\n\n\n<p>Segundo a Unafisco, a&nbsp;<strong>retirada da isen\u00e7\u00e3o de Imposto de Renda a pessoas com doen\u00e7as graves \u00e9 inconstitucional<\/strong>. Para a entidade, o benef\u00edcio deve abranger todas as pessoas com enfermidades graves, independentemente da renda mensal.<br><\/p>\n","protected":false},"excerpt":{"rendered":"<p>Medida chegou a ser estudada, mas foi retirada por ordem de Lula Por Wellton M\u00e1ximo<\/p>\n","protected":false},"author":2,"featured_media":100294,"comment_status":"open","ping_status":"open","sticky":false,"template":"","format":"standard","meta":{"footnotes":""},"categories":[17],"tags":[],"class_list":["post-100293","post","type-post","status-publish","format-standard","has-post-thumbnail","hentry","category-outras-noticias"],"_links":{"self":[{"href":"https:\/\/tvc16.com\/portal\/wp-json\/wp\/v2\/posts\/100293","targetHints":{"allow":["GET"]}}],"collection":[{"href":"https:\/\/tvc16.com\/portal\/wp-json\/wp\/v2\/posts"}],"about":[{"href":"https:\/\/tvc16.com\/portal\/wp-json\/wp\/v2\/types\/post"}],"author":[{"embeddable":true,"href":"https:\/\/tvc16.com\/portal\/wp-json\/wp\/v2\/users\/2"}],"replies":[{"embeddable":true,"href":"https:\/\/tvc16.com\/portal\/wp-json\/wp\/v2\/comments?post=100293"}],"version-history":[{"count":1,"href":"https:\/\/tvc16.com\/portal\/wp-json\/wp\/v2\/posts\/100293\/revisions"}],"predecessor-version":[{"id":100295,"href":"https:\/\/tvc16.com\/portal\/wp-json\/wp\/v2\/posts\/100293\/revisions\/100295"}],"wp:featuredmedia":[{"embeddable":true,"href":"https:\/\/tvc16.com\/portal\/wp-json\/wp\/v2\/media\/100294"}],"wp:attachment":[{"href":"https:\/\/tvc16.com\/portal\/wp-json\/wp\/v2\/media?parent=100293"}],"wp:term":[{"taxonomy":"category","embeddable":true,"href":"https:\/\/tvc16.com\/portal\/wp-json\/wp\/v2\/categories?post=100293"},{"taxonomy":"post_tag","embeddable":true,"href":"https:\/\/tvc16.com\/portal\/wp-json\/wp\/v2\/tags?post=100293"}],"curies":[{"name":"wp","href":"https:\/\/api.w.org\/{rel}","templated":true}]}}