{"id":100296,"date":"2025-03-07T09:39:45","date_gmt":"2025-03-07T12:39:45","guid":{"rendered":"https:\/\/tvc16.com\/portal\/?p=100296"},"modified":"2025-03-07T09:39:47","modified_gmt":"2025-03-07T12:39:47","slug":"governo-zera-tarifa-de-importacao-de-9-alimentos-para-reduzir-precos","status":"publish","type":"post","link":"https:\/\/tvc16.com\/portal\/2025\/03\/07\/governo-zera-tarifa-de-importacao-de-9-alimentos-para-reduzir-precos\/","title":{"rendered":"Governo zera tarifa de importa\u00e7\u00e3o de 9 alimentos para reduzir pre\u00e7os"},"content":{"rendered":"\n<p><em>Entre produtos da lista est\u00e3o azeite, caf\u00e9, milho e carnes<\/em><\/p>\n\n\n\n<p>Por Wellton M\u00e1ximo \u2013 Rep\u00f3rter da Ag\u00eancia Brasil \/ Foto: Cadu Gomes\/VPR<\/p>\n\n\n\n<p><\/p>\n\n\n\n<p>Como alternativa para segurar a infla\u00e7\u00e3o dos alimentos, o governo decidiu zerar o Imposto de Importa\u00e7\u00e3o de nove tipos de comida, conforme anunciou nesta noite o vice-presidente Geraldo Alckmin.<img decoding=\"async\" src=\"https:\/\/agenciabrasil.ebc.com.br\/ebc.png?id=1633547&amp;o=node\"><img decoding=\"async\" src=\"https:\/\/agenciabrasil.ebc.com.br\/ebc.gif?id=1633547&amp;o=node\"><\/p>\n\n\n\n<p>As medidas foram divulgadas ap\u00f3s uma s\u00e9rie de reuni\u00f5es ao longo desta quinta-feira (6).<\/p>\n\n\n\n<p><strong>&gt;&gt; Os alimentos que ter\u00e3o os tributos zerados s\u00e3o:<\/strong><\/p>\n\n\n\n<ul class=\"wp-block-list\">\n<li>Azeite: (hoje 9%)<\/li>\n\n\n\n<li>Milho: (hoje 7,2%)<\/li>\n\n\n\n<li>\u00d3leo de girassol: (hoje at\u00e9 9%)<\/li>\n\n\n\n<li>Sardinha: (hoje 32%)<\/li>\n\n\n\n<li>Biscoitos: (hoje 16,2%)<\/li>\n\n\n\n<li>Massas aliment\u00edcias (macarr\u00e3o): (hoje 14,4%)<\/li>\n\n\n\n<li>Caf\u00e9: (hoje 9%)<\/li>\n\n\n\n<li>Carnes: (hoje at\u00e9 10,8%)<\/li>\n\n\n\n<li>A\u00e7\u00facar: (hoje at\u00e9 14%)<\/li>\n<\/ul>\n\n\n\n<p>A cota de importa\u00e7\u00e3o do&nbsp;<strong>\u00f3leo de palma, atualmente em 65 mil toneladas, subiu para 150 mil toneladas<\/strong>.<\/p>\n\n\n\n<p>Segundo Alckmin, a&nbsp;<strong>redu\u00e7\u00e3o de tarifas entrar\u00e1 em vigor nos pr\u00f3ximos dias<\/strong>&nbsp;ap\u00f3s serem aprovadas pela C\u00e2mara de Com\u00e9rcio Exterior (Camex).<\/p>\n\n\n\n<blockquote class=\"wp-block-quote is-layout-flow wp-block-quote-is-layout-flow\">\n<p>\u201cO governo est\u00e1 abrindo m\u00e3o de imposto em favor da redu\u00e7\u00e3o de pre\u00e7o\u201d, declarou o vice-presidente.<\/p>\n<\/blockquote>\n\n\n\n<p>As medidas foram anunciadas<strong>&nbsp;ap\u00f3s uma reuni\u00e3o do presidente Luiz In\u00e1cio Lula da Silva e de Alckmin com ministros e empres\u00e1rios, no Pal\u00e1cio do Planalto<\/strong>.<\/p>\n\n\n\n<p>Para o vice-presidente, a medida<strong>&nbsp;n\u00e3o prejudicar\u00e1 os produtores nacionais, apesar da concorr\u00eancia com o alimento importado<\/strong>.<\/p>\n\n\n\n<blockquote class=\"wp-block-quote is-layout-flow wp-block-quote-is-layout-flow\">\n<p>\u201cN\u00f3s entendemos que n\u00e3o [vai prejudicar o produtor brasileiro]. Voc\u00ea tem per\u00edodos de pre\u00e7os mais altos, mais baixos. N\u00f3s estamos em um per\u00edodo em que reduzir o imposto ajuda a reduzir pre\u00e7os. Voc\u00ea est\u00e1 complementando. N\u00e3o vai prejudicar o produtor, mas beneficiar os consumidores\u201d, declarou.<\/p>\n<\/blockquote>\n\n\n\n<h2 class=\"wp-block-heading\">Outras medidas<\/h2>\n\n\n\n<p>Al\u00e9m da redu\u00e7\u00e3o das tarifas, Alckmin anunciou o&nbsp;<strong>fortalecimento dos estoques reguladores da Companhia Nacional de Abastecimento (Conab)<\/strong>. O vice-presidente n\u00e3o entrou em detalhes.<\/p>\n\n\n\n<p>No m\u00eas passado, a companhia havia pedido R$ 737 milh\u00f5es para reconstituir os estoques de alimentos desmantelados nos \u00faltimos anos.<\/p>\n\n\n\n<p>Alckmin tamb\u00e9m anunciou a&nbsp;<strong>prioridade para os alimentos da cesta b\u00e1sica no pr\u00f3ximo Plano Safra<\/strong>.<\/p>\n\n\n\n<p>Segundo o vice-presidente, os&nbsp;<strong>financiamentos subsidiados dever\u00e3o se concentrar na produ\u00e7\u00e3o de itens que comp\u00f5em a cesta b\u00e1sica<\/strong>, aumentando o est\u00edmulo a produtores rurais que produzam para o mercado interno.<\/p>\n\n\n\n<p>A \u00faltima medida anunciada por Alckmin foi a acelera\u00e7\u00e3o do Sistema Brasileiro de Inspe\u00e7\u00e3o de Produtos de Origem Animal (SISBI-POA). Esse sistema descentraliza as inspe\u00e7\u00f5es sanit\u00e1rias, permitindo que estados e munic\u00edpios fa\u00e7am o trabalho.<\/p>\n\n\n\n<p>Segundo o vice-presidente, o governo pretende&nbsp;<strong>aumentar o n\u00famero de registro no sistema de 1.550 para 3 mil<\/strong>.<\/p>\n\n\n\n<p>De acordo com Alckmin, a medida permitir\u00e1 que produtos como leite, mel, ovos e carnes sejam liberados mais rapidamente para venda em todo o pa\u00eds.<\/p>\n\n\n\n<p><\/p>\n\n\n\n<p><br><\/p>\n","protected":false},"excerpt":{"rendered":"<p>Entre produtos da lista est\u00e3o azeite, caf\u00e9, milho e carnes Por Wellton M\u00e1ximo \u2013 Rep\u00f3rter<\/p>\n","protected":false},"author":2,"featured_media":100297,"comment_status":"open","ping_status":"open","sticky":false,"template":"","format":"standard","meta":{"footnotes":""},"categories":[17],"tags":[],"class_list":["post-100296","post","type-post","status-publish","format-standard","has-post-thumbnail","hentry","category-outras-noticias"],"_links":{"self":[{"href":"https:\/\/tvc16.com\/portal\/wp-json\/wp\/v2\/posts\/100296","targetHints":{"allow":["GET"]}}],"collection":[{"href":"https:\/\/tvc16.com\/portal\/wp-json\/wp\/v2\/posts"}],"about":[{"href":"https:\/\/tvc16.com\/portal\/wp-json\/wp\/v2\/types\/post"}],"author":[{"embeddable":true,"href":"https:\/\/tvc16.com\/portal\/wp-json\/wp\/v2\/users\/2"}],"replies":[{"embeddable":true,"href":"https:\/\/tvc16.com\/portal\/wp-json\/wp\/v2\/comments?post=100296"}],"version-history":[{"count":1,"href":"https:\/\/tvc16.com\/portal\/wp-json\/wp\/v2\/posts\/100296\/revisions"}],"predecessor-version":[{"id":100298,"href":"https:\/\/tvc16.com\/portal\/wp-json\/wp\/v2\/posts\/100296\/revisions\/100298"}],"wp:featuredmedia":[{"embeddable":true,"href":"https:\/\/tvc16.com\/portal\/wp-json\/wp\/v2\/media\/100297"}],"wp:attachment":[{"href":"https:\/\/tvc16.com\/portal\/wp-json\/wp\/v2\/media?parent=100296"}],"wp:term":[{"taxonomy":"category","embeddable":true,"href":"https:\/\/tvc16.com\/portal\/wp-json\/wp\/v2\/categories?post=100296"},{"taxonomy":"post_tag","embeddable":true,"href":"https:\/\/tvc16.com\/portal\/wp-json\/wp\/v2\/tags?post=100296"}],"curies":[{"name":"wp","href":"https:\/\/api.w.org\/{rel}","templated":true}]}}